{"id":1248,"date":"2011-12-08T21:50:10","date_gmt":"2011-12-08T21:50:10","guid":{"rendered":"http:\/\/www.nihadsamibanarli.com\/?p=5"},"modified":"2011-12-08T21:50:10","modified_gmt":"2011-12-08T21:50:10","slug":"aynanin-felsefesi","status":"publish","type":"post","link":"http:\/\/www.nihatsamibanarli.com\/index.php\/2011\/12\/08\/aynanin-felsefesi\/","title":{"rendered":"Ayna&#8217;n\u0131n Felsefesi"},"content":{"rendered":"<p>Hen\u00fcz olgunla\u015fmam\u0131\u015f insanda e\u011fer bir de\u011fer hissediyorsan\u0131z ve o insan bu de\u011ferini hazmedecek seviyede de\u011filse, ona iltif\u00e2t\u0131n\u0131z\u0131 fazla yald\u0131zl\u0131 s\u00f6zlerle s\u00f6ylemeyiniz. Sonra o, kendi kabiliyetinden, insanl\u0131k da b\u00f6yle bir ist\u00eed\u00e2d\u0131n geli\u015fmesinden mahrum kal\u0131r.<\/p>\n<p>&nbsp;<\/p>\n<p>Mevl\u00e2n\u00e2 Cel\u00e2ledd\u00een R\u00fbm\u00ee , \u201caynan\u0131n safl\u0131\u011f\u0131n\u0131 onun y\u00fcz\u00fcne kar\u015f\u0131 s\u00f6yleyecek olursak, nefesimizden bu\u011fulan\u0131r, bize, bizi g\u00f6stermez olur\u201d, der. B\u00f6yle aynalar kadar saf, temiz ve \u0131\u015f\u0131kl\u0131 nice insan, y\u00fczlerinin veya ist\u00eed\u00e2dlar\u0131n\u0131n \u0131\u015f\u0131\u011f\u0131 kendilerine \u00e7ok erken ve patavats\u0131zca haber verildi\u011fi i\u00e7in g\u00f6n\u00fcllerinin ve zek\u00e2lar\u0131n\u0131n, b\u00fct\u00fcn \u00f6m\u00fcrlerini ayd\u0131nlatacak, \u0131\u015f\u0131\u011f\u0131ndan mahrum kald\u0131lar.<\/p>\n<p>\u00c7ocuklara bile kabiliyetlerinin \u0131\u015f\u0131\u011f\u0131 kar\u015f\u0131s\u0131nda, bu yapt\u0131\u011f\u0131n iyi ama daha iyisini yapmaya \u00e7al\u0131\u015f! Bunun i\u00e7in de daha \u00e7ok oku vey\u00e2 \u00f6\u011fren! demek\u00a0 do\u011frudur. Bir mis\u00e2l olarak, gen\u00e7 bir \u015f\u00e2ire, karalad\u0131\u011f\u0131 birka\u00e7 m\u0131sr\u00e2 kar\u015f\u0131s\u0131nda \u201cSen bir d\u00e2h\u00eesin!\u201d diyecek olursak o sanat ist\u00eed\u00e2d\u0131n\u0131 ebediyen bu\u011fulanm\u0131\u015f g\u00f6r\u00fcr\u00fcz.<\/p>\n<p>\u0130nsan insan\u0131n aynas\u0131d\u0131r, diyen s\u00f6z bile b\u00e2zan, g\u00f6nl\u00fcm\u00fcze akseden bir insan \u0131\u015f\u0131\u011f\u0131n\u0131 kar\u015f\u0131m\u0131zdakine i\u00e2de etmemek vaz\u00eefesini y\u00fckler\u2026<\/p>\n<p>&nbsp;<\/p>\n<p>Nihad S\u00e2mi Banarl\u0131, Tarih ve Tasavvuf Sohbetleri, 2. bask\u0131, sayfa 234<\/p>\n","protected":false},"excerpt":{"rendered":"<p>Hen\u00fcz olgunla\u015fmam\u0131\u015f insanda e\u011fer bir de\u011fer hissediyorsan\u0131z ve o insan bu de\u011ferini hazmedecek seviyede de\u011filse, ona iltif\u00e2t\u0131n\u0131z\u0131 fazla yald\u0131zl\u0131 s\u00f6zlerle<\/p>\n","protected":false},"author":1,"featured_media":36,"comment_status":"open","ping_status":"open","sticky":false,"template":"","format":"standard","meta":[],"categories":[11],"tags":[89,137,458,540,541,559,517,598,600,601,738],"_links":{"self":[{"href":"http:\/\/www.nihatsamibanarli.com\/index.php\/wp-json\/wp\/v2\/posts\/1248"}],"collection":[{"href":"http:\/\/www.nihatsamibanarli.com\/index.php\/wp-json\/wp\/v2\/posts"}],"about":[{"href":"http:\/\/www.nihatsamibanarli.com\/index.php\/wp-json\/wp\/v2\/types\/post"}],"author":[{"embeddable":true,"href":"http:\/\/www.nihatsamibanarli.com\/index.php\/wp-json\/wp\/v2\/users\/1"}],"replies":[{"embeddable":true,"href":"http:\/\/www.nihatsamibanarli.com\/index.php\/wp-json\/wp\/v2\/comments?post=1248"}],"version-history":[{"count":0,"href":"http:\/\/www.nihatsamibanarli.com\/index.php\/wp-json\/wp\/v2\/posts\/1248\/revisions"}],"wp:featuredmedia":[{"embeddable":true,"href":"http:\/\/www.nihatsamibanarli.com\/index.php\/wp-json\/wp\/v2\/media\/36"}],"wp:attachment":[{"href":"http:\/\/www.nihatsamibanarli.com\/index.php\/wp-json\/wp\/v2\/media?parent=1248"}],"wp:term":[{"taxonomy":"category","embeddable":true,"href":"http:\/\/www.nihatsamibanarli.com\/index.php\/wp-json\/wp\/v2\/categories?post=1248"},{"taxonomy":"post_tag","embeddable":true,"href":"http:\/\/www.nihatsamibanarli.com\/index.php\/wp-json\/wp\/v2\/tags?post=1248"}],"curies":[{"name":"wp","href":"https:\/\/api.w.org\/{rel}","templated":true}]}}