{"id":1250,"date":"2011-12-10T11:12:26","date_gmt":"2011-12-10T11:12:26","guid":{"rendered":"http:\/\/www.nihadsamibanarli.com\/?p=21"},"modified":"2011-12-10T11:12:26","modified_gmt":"2011-12-10T11:12:26","slug":"milli-tekevvunumuzde-yunus-emrenin-yeri-1-kisim","status":"publish","type":"post","link":"http:\/\/www.nihatsamibanarli.com\/index.php\/2011\/12\/10\/milli-tekevvunumuzde-yunus-emrenin-yeri-1-kisim\/","title":{"rendered":"M\u0130LL\u00ce TEKEVV\u00dcN\u00dcM\u00dcZDE Y\u00dbNUS EMRE\u2019N\u0130N YER\u0130, 1. KISIM"},"content":{"rendered":"<p>Y\u00fbnus Emre Anadolu\u2019daki T\u00fcrk medeniyetimizin m\u00e2nev\u00ee m\u00eem\u00e2r\u00eesinde b\u00fcy\u00fck vaz\u00eefe g\u00f6rm\u00fc\u015f bir tefekk\u00fcr \u015f\u00e2iridir.<br \/>\nBir vatan, g\u00f6zlere madd\u00ee bir varl\u0131k gibi g\u00f6r\u00fcn\u00fcrse de onun mill\u00ee ve meden\u00ee m\u00eem\u00e2r\u00eesinde onu kuran ve y\u00fccelten millet b\u00fcy\u00fcklerinin derin m\u00e2neviy\u00e2t\u0131 vard\u0131r.<br \/>\nHer vatan, o vatanda ya\u015fam\u0131\u015f ve ya\u015fayan duygu, d\u00fc\u015f\u00fcnce, \u00eeman ve sanat adamlar\u0131n\u0131n hizmetleri ve eserleriyle s\u00fcslenir; b\u00f6yle eserlerin madd\u00ee ve m\u00e2nev\u00ee temelleri \u00fczerinde y\u00fckselir.<br \/>\nT\u00fcrk vatan\u0131 bundan dokuz y\u00fcz sene evvel T\u00fcrk g\u00fcc\u00fc ile \u0130sl\u00e2m \u00eem\u00e2n\u0131n\u0131n birle\u015fmesinden do\u011fan kuvvetle al\u0131nm\u0131\u015ft\u0131.<br \/>\nT\u00fcrk g\u00fcc\u00fc ile \u0130sl\u00e2m \u00eem\u00e2n\u0131n\u0131n birle\u015fmesinden do\u011fan kuvvet!\u2026<br \/>\nBu kuvveti tan\u0131man\u0131z l\u00e2z\u0131md\u0131r.<br \/>\n\u00c7\u00fcnk\u00fc XI. as\u0131rdan ba\u015flayarak T\u00fcrkiye T\u00fcrkl\u00fc\u011f\u00fc yeni bir vatan ve yeni bir medeniyet kurma yolunda ne yapm\u0131\u015fsa bu kuvvetle yapm\u0131\u015ft\u0131r. Mesela biz, Anadolu ve Balkanlar T\u00fcrkiyesine gelme\u011fe Asya\u2019daki eski as\u0131rlar\u0131m\u0131zda karar vermi\u015ftik: Eski T\u00fcrkl\u00fc\u011f\u00fcn destan kahraman\u0131 O\u011fuz Han o zamanki Asya T\u00fcrklerine: \u201cBu denizler, bu \u0131rmaklar bize yetmez. Daha deniz, daha \u0131rmak istiyoruz! Yurdumuzu \u00f6ylesine geni\u015fletelim ki g\u00f6k kubbesi ona \u00e7ad\u0131r, g\u00fcne\u015f de bayrak olsun!\u201d derken, kudretli milletine Karadeniz ve Akdeniz ufuklar\u0131n\u0131 g\u00f6steriyordu. Fakat T\u00fcrkler def\u00e2larca Karadeniz\u2019in yukar\u0131s\u0131ndan Balkanlara indikleri halde mesel\u00e2 \u0130stanbul\u2019u alamam\u0131\u015flard\u0131.<br \/>\n\u0130stanbul\u2019u alamam\u0131\u015f ve T\u00fcrkiye\u2019yi vatan edinememi\u015flerdi. \u0130stanbul\u2019u tek ba\u015flar\u0131na \u0130sl\u00e2m kuvvetleri de alamad\u0131lar. B\u00fcy\u00fck \u0130sl\u00e2m Peygamberinin m\u00fcjdeledi\u011fi \u015fehir olmas\u0131na ve devaml\u0131 ku\u015fatmalara ra\u011fmen M\u00fcsl\u00fcman Arap ordular\u0131 bu beldeye s\u00e2hip olamad\u0131lar. Yani \u0130stanbul\u2019u almak i\u00e7in M\u00fcsl\u00fcmanl\u0131k da k\u00e2fi gelmemi\u015fti. Kader istemi\u015fti ki, T\u00fcrkler M\u00fcsl\u00fcman olsun; T\u00fcrk g\u00fcc\u00fc ile M\u00fcsl\u00fcman \u00eem\u00e2n\u0131n\u0131n birle\u015fmesinden do\u011fan kuvvetle gelsin, hem \u0130stanbul\u2019u als\u0131n, hem de bu beldenin meden\u00ee ve ebed\u00ee s\u00e2hibi olsun.<br \/>\nH\u00e2dise aynen b\u00f6yle olmu\u015ftur.<br \/>\nBunun i\u00e7indir ki bundan 900 sene evvel Anadolu\u2019nun fethi t\u00e2rihi alel\u00e2de bir sava\u015f ve ist\u00eel\u00e2 t\u00e2rihi de\u011fil, bir gaz\u00e2 tarihidir.<br \/>\nO \u00e7a\u011flar T\u00fcrklerinin emelleri gaz\u00e2d\u0131r.<br \/>\nGaz\u00e2, \u00eeman nurundan mahrum ve karanl\u0131kta kalm\u0131\u015f \u00fclkelere bu \u00eeman\u0131n \u0131\u015f\u0131\u011f\u0131n\u0131, ayd\u0131nl\u0131\u011f\u0131n\u0131 g\u00f6t\u00fcrmek i\u00e7in yap\u0131lan sava\u015f demektir. Atalar\u0131m\u0131z T\u00fcrkiye topraklar\u0131nda bir g\u00e2ziler ordusu h\u00e2linde d\u00f6v\u00fc\u015f\u00fcp, bir \u015fehitler ordusu h\u00e2linde \u00f6lerek bize ba\u015ftanba\u015fa evliy\u00e2 t\u00fcrbesi bir vatan b\u0131rakm\u0131\u015flard\u0131r.<br \/>\nBug\u00fcnk\u00fc T\u00fcrkiye topraklar\u0131n\u0131n iklim ve manzaras\u0131nda g\u00f6r\u00fclen m\u00e2nev\u00ee g\u00fczellik, onun yerinde, sem\u00e2s\u0131nda b\u00f6yle il\u00e2h\u00ee \u00e7izgiler bulunmas\u0131ndand\u0131r.<br \/>\nYaln\u0131z Osmanl\u0131 t\u00e2rihinde Ertu\u011frul Gazi, Osman Gazi, Orhan Gazi, Murad-\u0131 H\u00fcd\u00e2vendig\u00e2r Gazi gibi isimler, hakandan Mehmet\u00e7iklere kadar Anadolu f\u00e2tihlerinin birer g\u00e2ziler ordusu oldu\u011funu g\u00f6sterir.<br \/>\n\u0130\u015fte bu sava\u015f ve \u00eeman as\u0131rlar\u0131nda d\u00fc\u015fmanla d\u00f6v\u00fc\u015fen askerlerimize d\u00fc\u015fmanlar\u0131na bile insanca ve \u015fefkatli davran\u0131\u015f yolunda derin bir ruh ve vicdan terbiyesi veren Anadolu erenleri\u2019nin ba\u015f\u0131nda Yunus Emre\u2019nin b\u00fcy\u00fck hizmeti vard\u0131r.<br \/>\nYunus emre ve b\u00fct\u00fcn Anadolu erenleri, isl\u00e2m im\u00e2n\u0131n\u0131 T\u00fcrk\u2019\u00fcn inanma \u00fcsl\u00fbbu ile birle\u015ftiren b\u00fcy\u00fcklerdir. Onlar T\u00fcrk r\u00fbhuna derin bir Allah sevgisi ve o \u00f6l\u00e7\u00fcde b\u00fcy\u00fck bir insan sevgisi, bir insanl\u0131k a\u015fk\u0131 ve gur\u00fbru i\u015flemi\u015flerdir.<br \/>\n\u0130nsan denilen f\u00e2n\u00ee v\u00fccudun r\u00fbhunda gizlenen il\u00e2h\u00ee kudreti bilmek, onu bulmak ve onunla ancak ona l\u00e2y\u0131k insanlar\u0131n yapabilece\u011fi b\u00fcy\u00fck i\u015fler yapmak kudret ve heyecan\u0131n\u0131, o devir T\u00fcrkleri, b\u00f6yle bir duyu\u015f, d\u00fc\u015f\u00fcn\u00fc\u015f ve inan\u0131\u015f kayna\u011f\u0131ndan ald\u0131lar.<br \/>\nBir d\u00eene inanan milletler, o d\u00eene kendi \u00fcsl\u00fbplar\u0131yla inanmaz ve ona kendi sanat ve vicdan d\u00fcny\u00e2lar\u0131ndan yeni hamleler katmazlarsa dinler canl\u0131l\u0131klar\u0131n\u0131 kaybedip yaratma ve y\u00fckselme kudretlerinden uzakla\u015f\u0131rlar.<br \/>\nAnadolu Erenleri, T\u00fcrk milletine k\u00f6r\u00fck\u00f6r\u00fcne inan\u0131\u015f\u0131n de\u011fil, d\u00fc\u015f\u00fcnerek, arayarak, a\u015fk\u0131 ve hicr\u00e2n\u0131 g\u00f6n\u00fcller dolduran Allah\u2019\u0131 kendi vicdanlar\u0131nda bularak inanman\u0131n s\u0131rlar\u0131n\u0131 \u00f6\u011fretmi\u015flerdir.<\/p>\n","protected":false},"excerpt":{"rendered":"<p>Y\u00fbnus Emre Anadolu\u2019daki T\u00fcrk medeniyetimizin m\u00e2nev\u00ee m\u00eem\u00e2r\u00eesinde b\u00fcy\u00fck vaz\u00eefe g\u00f6rm\u00fc\u015f bir tefekk\u00fcr \u015f\u00e2iridir. Bir vatan, g\u00f6zlere madd\u00ee bir varl\u0131k gibi<\/p>\n","protected":false},"author":1,"featured_media":32,"comment_status":"open","ping_status":"open","sticky":false,"template":"","format":"standard","meta":[],"categories":[11],"tags":[638,641,742,868,869],"_links":{"self":[{"href":"http:\/\/www.nihatsamibanarli.com\/index.php\/wp-json\/wp\/v2\/posts\/1250"}],"collection":[{"href":"http:\/\/www.nihatsamibanarli.com\/index.php\/wp-json\/wp\/v2\/posts"}],"about":[{"href":"http:\/\/www.nihatsamibanarli.com\/index.php\/wp-json\/wp\/v2\/types\/post"}],"author":[{"embeddable":true,"href":"http:\/\/www.nihatsamibanarli.com\/index.php\/wp-json\/wp\/v2\/users\/1"}],"replies":[{"embeddable":true,"href":"http:\/\/www.nihatsamibanarli.com\/index.php\/wp-json\/wp\/v2\/comments?post=1250"}],"version-history":[{"count":0,"href":"http:\/\/www.nihatsamibanarli.com\/index.php\/wp-json\/wp\/v2\/posts\/1250\/revisions"}],"wp:featuredmedia":[{"embeddable":true,"href":"http:\/\/www.nihatsamibanarli.com\/index.php\/wp-json\/wp\/v2\/media\/32"}],"wp:attachment":[{"href":"http:\/\/www.nihatsamibanarli.com\/index.php\/wp-json\/wp\/v2\/media?parent=1250"}],"wp:term":[{"taxonomy":"category","embeddable":true,"href":"http:\/\/www.nihatsamibanarli.com\/index.php\/wp-json\/wp\/v2\/categories?post=1250"},{"taxonomy":"post_tag","embeddable":true,"href":"http:\/\/www.nihatsamibanarli.com\/index.php\/wp-json\/wp\/v2\/tags?post=1250"}],"curies":[{"name":"wp","href":"https:\/\/api.w.org\/{rel}","templated":true}]}}