{"id":244,"date":"2011-12-27T18:36:29","date_gmt":"2011-12-27T18:36:29","guid":{"rendered":"http:\/\/www.nihadsamibanarli.com\/?p=244"},"modified":"2011-12-27T18:36:29","modified_gmt":"2011-12-27T18:36:29","slug":"yeni-yil-dilekleri","status":"publish","type":"post","link":"http:\/\/www.nihatsamibanarli.com\/index.php\/2011\/12\/27\/yeni-yil-dilekleri\/","title":{"rendered":"Yeni Y\u0131l Dilekleri"},"content":{"rendered":"<p><strong><em><span style=\"color:#000000;\">Y\u0131lba\u015f\u0131 e\u011flenceleri art\u0131k T\u00fcrkiye\u2019miz i\u00e7in de g\u00e2lib\u00e2 geri d\u00f6n\u00fclmez bir \u00e2det, bir gelenek derecesi alm\u0131\u015ft\u0131r. Puta tapan eski Roma\u2019dan \u00ces\u00e2\u2019c\u0131 H\u0131ristiyan d\u00fcny\u00e2s\u0131na m\u00eeras kalan, onlardan da b\u00fct\u00fcn d\u00fcny\u00e2ya yay\u0131lan bu milletler aras\u0131 din ve d\u00fcny\u00e2 e\u011flencesine \u015fimdi biz de ve nice y\u0131llard\u0131r kat\u0131lm\u0131\u015f bulunuyoruz. <\/span><\/em><\/strong><\/p>\n<p><strong><em><span style=\"color:#000000;\">Y\u0131lba\u015f\u0131n\u0131n, M\u00fcsl\u00fcman-T\u00fcrk d\u00fcnyas\u0131yla asl\u0131nda hi\u00e7bir ilgisi yoktur. Bizim, y\u0131lba\u015f\u0131 e\u011flencemiz s\u00e2dece, b\u00fct\u00fcn insanl\u0131\u011f\u0131 kucaklam\u0131\u015f, vazge\u00e7ilmez bir inan\u0131\u015f, bir tatl\u0131 aldan\u0131\u015f y\u00fcz\u00fcndendir. Herhangi bir i\u015fe, bu arada yeni bir seneye g\u00fcler y\u00fczle, e\u011flenerek ba\u015flarsak, i\u015fimiz ve b\u00fct\u00fcn y\u0131l\u0131m\u0131z u\u011furlu gider inan\u0131\u015f\u0131\u2026 <\/span><\/em><\/strong><\/p>\n<p><strong><em><span style=\"color:#000000;\">***<\/span><\/em><\/strong><\/p>\n<p><strong><em><span style=\"color:#000000;\"> \u015eu halde m\u00e2dem ki y\u0131llardan beri bizim de takvimimiz, ister istemez 1 Ocak\u2019da ba\u015fl\u0131yor, bizim de bu takvimi g\u00fcler y\u00fczle kar\u015f\u0131lamam\u0131z; insanl\u0131\u011f\u0131n r\u00fbhunda \u00e7a\u011flar boyu s\u00f6nmemi\u015f, bu g\u00fczel aldan\u0131\u015fa uymam\u0131z tabi\u00eedir. <\/span><\/em><\/strong><\/p>\n<p><strong><em><span style=\"color:#000000;\">***<\/span><\/em><\/strong><\/p>\n<p><strong><em><span style=\"color:#000000;\"> H\u0131ristiyan bayramlar\u0131 hazreti \u00cesa\u2019n\u0131n do\u011fdu\u011fu g\u00fcn\u00fcn kutlanmas\u0131yla ba\u015flar. Hz. \u00ces\u00e2, zaman\u0131m\u0131zdan, 2011 sene evvel ve eski roma tarihinin 753. y\u0131l\u0131 sonunda 25 Aral\u0131k\u2019da do\u011fmu\u015ftu. Papal\u0131k bu g\u00fcn\u00fc Noel ve bug\u00fcnden 7 g\u00fcn sonraki 1 Ocak g\u00fcn\u00fcn\u00fc de M\u00eel\u00e2d\u00ee takvimin birinci g\u00fcn\u00fc olarak kabul etmi\u015ftir. M\u00eel\u00e2d, Arap\u00e7ada, bir insan\u0131n do\u011fdu\u011fu zaman veya yer demektir. \u0130sl\u00e2m \u00e2lemi, bu kelimeyi Hz. \u00ces\u00e2 i\u00e7in kullanageldi\u011finden Hz. Muhammed\u2019in do\u011fdu\u011fu g\u00fcn\u00fc ayn\u0131 m\u00e2n\u00e2da bir kelime olan Mevlid s\u00f6z\u00fcyle anm\u0131\u015ft\u0131r. Ancak ilk M\u00fcsl\u00fcmanlar, yani M\u00fcsl\u00fcman Araplar, hi\u00e7bir bak\u0131mdan H\u0131ristiyanlara benzemek istemedikleri i\u00e7in, Hz. Muhammed ad\u0131na Mevlid t\u00f6reni yapmam\u0131\u015flard\u0131r. <\/span><\/em><\/strong><\/p>\n<p><strong><em><span style=\"color:#000000;\">***<\/span><\/em><\/strong><\/p>\n<p><strong><em><span style=\"color:#000000;\"> \u0130sl\u00e2m \u00e2leminde hak\u00eek\u00ee ve sam\u00eem\u00ee Mevlid t\u00f6renleri, ilk def\u00e2 M\u00fcsl\u00fcman T\u00fcrkler taraf\u0131ndan Erbil Atabek\u2019i Muzaffer\u00fcdd\u00een G\u00f6k-B\u00f6r\u00fc\u2019n\u00fcn hamlesiyle ba\u015flayan t\u00f6renlerdir ki bug\u00fcn h\u00e2l\u00e2 ya\u015famaktad\u0131r. <\/span><\/em><\/strong><\/p>\n<p><strong><em><span style=\"color:#000000;\">***<\/span><\/em><\/strong><\/p>\n<p><strong><em><span style=\"color:#000000;\"> Bununla ber\u00e2ber Noel ve Y\u0131lba\u015f\u0131, Hz. \u00ces\u00e2\u2019n\u0131n \u00e7arm\u0131ha gerili\u015findeki h\u00fczn\u00fc as\u0131rlarca silememi\u015ftir. Asl\u0131nda bir Yah\u00fbdi ih\u00e2neti ve Yah\u00fbdi cin\u00e2yeti oldu\u011fu halde Avrupa H\u0131ristiyanl\u0131\u011f\u0131 bu cin\u00e2yeti, m\u00e2nev\u00ee bir m\u00eeras gibi benimsemi\u015f ve onun vicdan azab\u0131ndan do\u011fan ac\u0131y\u0131, resim sanat\u0131na, heykellere, \u015fiirlere, m\u00eem\u00e2r\u00ee ve m\u00fbs\u0131k\u00eeye \u0131srarla i\u015flemi\u015ftir. <\/span><\/em><\/strong><\/p>\n<p><strong><em><span style=\"color:#000000;\">***<\/span><\/em><\/strong><\/p>\n<p><strong><em><span style=\"color:#000000;\"> H\u0131ristiyan d\u00fcny\u00e2s\u0131n\u0131, denilebilir ki, bu yeisten birinci derecede eski Cermen ne\u015f\u2019esi, ikinci derecede bir Yah\u00fbdi h\u00eelesi kurtarm\u0131\u015ft\u0131r. <\/span><\/em><\/strong><\/p>\n<p><strong><em><span style=\"color:#000000;\">Cermenler Noel t\u00f6renlerine kendi eski putperestlik devirlerinin \u00f6l\u00fcms\u00fcz h\u00e2t\u0131r\u00e2lar\u0131 olan Noel Baba\u2019y\u0131, Noel \u00e7am\u0131n\u0131 ve Noel hediyelerini, Noel oyuncaklar\u0131n\u0131 getirerek, H\u0131ristiyan y\u0131lba\u015flar\u0131na b\u00fcy\u00fck renk ve hareket katm\u0131\u015flard\u0131r. <\/span><\/em><\/strong><\/p>\n<p><strong><em><span style=\"color:#000000;\">Yoksa, bir m\u00fbtedil iklim, hatta bir s\u0131cak iklim \u00e7ocu\u011fu olan Hz. \u00ces\u00e2\u2019n\u0131n do\u011fdu\u011fu ve ya\u015fad\u0131\u011f\u0131 \u00e7evrede ne co\u015fkun bir kar, ne Cermen co\u011frafyas\u0131n\u0131n \u00e7am a\u011fa\u00e7lar\u0131, ne de k\u0131\u015f geceleri beyaz dumanlar t\u00fctt\u00fcren bacalardan inen hediyeler olabilirdi. Noel ve y\u0131lba\u015f\u0131, bug\u00fcnk\u00fc g\u00f6r\u00fcn\u00fc\u015f\u00fc ile, bir karl\u0131 Avrupa manzaras\u0131d\u0131r. <\/span><\/em><\/strong><\/p>\n<p><strong><em><span style=\"color:#000000;\">Yah\u00fbdilere gelince, yah\u00fbdilikten ba\u015fka her dini dejenere etmeyi, hi\u00e7 olmazsa, manevi duygu ve heyecanlar\u0131ndan uzakla\u015ft\u0131rmay\u0131; \u015fa\u015fmaz bir Yah\u00fbdilik vaz\u00eefesi bilen bu m\u00fcthi\u015f z\u00fcmre, Noel ve y\u0131lba\u015f\u0131 geleneklerinden iki t\u00fcrl\u00fc faydalanm\u0131\u015ft\u0131r:\u00d6nce \u00e2det\u00e2 bir y\u0131lba\u015f\u0131 end\u00fcstrisi kurup akla hayale gelmez s\u00fcsl\u00fc, \u015fatafatl\u0131, par\u0131lt\u0131l\u0131 ve pahal\u0131 y\u0131lba\u015f\u0131 hediyeleri haz\u0131rlam\u0131\u015f, t\u00fcrl\u00fc y\u0131lba\u015f\u0131 oyuncaklar\u0131 \u00eec\u00e2d etmi\u015f, her \u015feyin su gibi \u015farap gibi akt\u0131\u011f\u0131; bir y\u0131lba\u015f\u0131 masraf\u0131ndan hes\u00e2b\u0131na b\u00fcy\u00fck fayda sa\u011flam\u0131\u015flard\u0131r. <\/span><\/em><\/strong><\/p>\n<p><strong><em><span style=\"color:#000000;\"> Sonra, H\u0131ristiyan y\u0131lba\u015f\u0131nda, Hz. \u00ces\u00e2\u2019ya kar\u015f\u0131 duyulan h\u00fcz\u00fcnden, hatt\u00e2 ba\u011fl\u0131l\u0131ktan soyunmu\u015f; i\u015fi e\u011flenceye vurmu\u015f, art\u0131k o ilk zamanlar\u0131n vicdan az\u00e2b\u0131n\u0131 duymak \u015f\u00f6yle dursun, b\u00f6yle \u015feylere g\u00fcler hale gelmi\u015f bir madd\u00ee hava yaratm\u0131\u015flard\u0131r. Yahudili\u011fin, M\u00fcsl\u00fcmanl\u0131\u011fa kar\u015f\u0131 tatbik edip, \u015fiddetle muvaffak oldu\u011fu siyaset de T\u00fcrkiye d\u00e2hil, bir\u00e7ok M\u00fcsl\u00fcman \u00fclkelerinde birincinin ayn\u0131d\u0131r.<\/span><\/em><\/strong><\/p>\n<p><strong><em><span style=\"color:#000000;\"> Biz T\u00fcrkler, ne Noel\u2019e ne de y\u0131lba\u015f\u0131na herhangi bir d\u00een\u00ee rab\u0131tayla ba\u011fl\u0131 olmad\u0131\u011f\u0131m\u0131z i\u00e7in bu e\u011flence gecelerinde s\u00e2dece yeni bir y\u0131l\u0131 g\u00fcler y\u00fczle kar\u015f\u0131lamak mevk\u00eeindeyiz. Bu bak\u0131mdan kayb\u0131m\u0131z\u0131n H\u0131ristiyanl\u0131ktan daha az olmas\u0131 tabi\u00eedir. Ancak kaybetmekte oldu\u011fumuz muhakkakt\u0131r; bizim y\u0131lba\u015f\u0131 e\u011flencelerimizin k\u00f6t\u00fc bir Avrupa hatta Amerikan takl\u00eedi e\u011flenceler olmas\u0131 son as\u0131rlardaki b\u00fct\u00fcn mukallidliklerimiz gibi gurur ve onur k\u0131r\u0131c\u0131 hareketlerdir. <\/span><\/em><\/strong><\/p>\n<p><strong><em><span style=\"color:#000000;\">T\u00fcrk zek\u00e2 ve an\u2019a nesinin b\u00fct\u00fcn bu hareketlere hi\u00e7bir mill\u00ee \u00e7izgi katamamas\u0131 elbette \u00e7ok d\u00fc\u015f\u00fcnd\u00fcr\u00fcc\u00fc olmal\u0131d\u0131r. <\/span><\/em><\/strong><\/p>\n<p><strong><em><span style=\"color:#000000;\">Asl\u0131nda biz e\u011flenmeyi sevmez ve e\u011flenmeyi bilmez bir millet de\u011filiz. Fakat kendi eski e\u011flence hay\u00e2t\u0131m\u0131z\u0131 ve mill\u00ee ne\u015f\u2019emizi modernize edemeyecek kadar kendimizden uzakla\u015fm\u0131\u015f nesiller yeti\u015ftirme rekorunday\u0131z.<\/span><\/em><\/strong><\/p>\n<p><strong><em><span style=\"color:#000000;\"> ***<\/span><\/em><\/strong><\/p>\n<p><strong><em><span style=\"color:#000000;\"> \u2026Bizim yeni bir y\u0131lba\u015f\u0131nda b\u00fct\u00fcn milletimiz i\u00e7in dile\u011fimiz, hak edilmi\u015f ne\u015fedir\u2026 Yeni bir y\u0131la b\u00f6yle bir ne\u015feyle, hi\u00e7 olmazsa, gelecek y\u0131llarda b\u00f6yle bir ne\u015feye ula\u015fmak emeliyle girenlerimiz \u00e7ok olsun istiyoruz\u2026 <\/span><\/em><\/strong><\/p>\n<p><strong><em><span style=\"color:#000000;\">N. S\u00e2mi banarl\u0131, Devlet ve Devlet Terbiyesi 2. bask\u0131, sayfa: 253-259. <\/span><\/em><\/strong><\/p>\n<p>&nbsp;<\/p>\n","protected":false},"excerpt":{"rendered":"<p>Y\u0131lba\u015f\u0131 e\u011flenceleri art\u0131k T\u00fcrkiye\u2019miz i\u00e7in de g\u00e2lib\u00e2 geri d\u00f6n\u00fclmez bir \u00e2det, bir gelenek derecesi alm\u0131\u015ft\u0131r. Puta tapan eski Roma\u2019dan \u00ces\u00e2\u2019c\u0131<\/p>\n","protected":false},"author":1,"featured_media":0,"comment_status":"open","ping_status":"open","sticky":false,"template":"","format":"standard","meta":[],"categories":[2],"tags":[110,247,417,443,602,831,859,870],"_links":{"self":[{"href":"http:\/\/www.nihatsamibanarli.com\/index.php\/wp-json\/wp\/v2\/posts\/244"}],"collection":[{"href":"http:\/\/www.nihatsamibanarli.com\/index.php\/wp-json\/wp\/v2\/posts"}],"about":[{"href":"http:\/\/www.nihatsamibanarli.com\/index.php\/wp-json\/wp\/v2\/types\/post"}],"author":[{"embeddable":true,"href":"http:\/\/www.nihatsamibanarli.com\/index.php\/wp-json\/wp\/v2\/users\/1"}],"replies":[{"embeddable":true,"href":"http:\/\/www.nihatsamibanarli.com\/index.php\/wp-json\/wp\/v2\/comments?post=244"}],"version-history":[{"count":0,"href":"http:\/\/www.nihatsamibanarli.com\/index.php\/wp-json\/wp\/v2\/posts\/244\/revisions"}],"wp:attachment":[{"href":"http:\/\/www.nihatsamibanarli.com\/index.php\/wp-json\/wp\/v2\/media?parent=244"}],"wp:term":[{"taxonomy":"category","embeddable":true,"href":"http:\/\/www.nihatsamibanarli.com\/index.php\/wp-json\/wp\/v2\/categories?post=244"},{"taxonomy":"post_tag","embeddable":true,"href":"http:\/\/www.nihatsamibanarli.com\/index.php\/wp-json\/wp\/v2\/tags?post=244"}],"curies":[{"name":"wp","href":"https:\/\/api.w.org\/{rel}","templated":true}]}}