{"id":305,"date":"2012-01-02T16:38:53","date_gmt":"2012-01-02T16:38:53","guid":{"rendered":"http:\/\/www.nihadsamibanarli.com\/?p=305"},"modified":"2012-01-02T16:38:53","modified_gmt":"2012-01-02T16:38:53","slug":"bu-topragin-sesleri","status":"publish","type":"post","link":"http:\/\/www.nihatsamibanarli.com\/index.php\/2012\/01\/02\/bu-topragin-sesleri\/","title":{"rendered":"Bu Topra\u011f\u0131n Sesleri"},"content":{"rendered":"<p><a href=\"https:\/\/nihadsamibanarli.files.wordpress.com\/2021\/01\/32ec7-karadeniz-usagi.jpg\"><img loading=\"lazy\" class=\"alignleft  wp-image-306\" title=\"karadeniz u\u015fa\u011f\u0131\" src=\"https:\/\/nihadsamibanarli.files.wordpress.com\/2021\/01\/32ec7-karadeniz-usagi.jpg\" alt=\"\" width=\"182\" height=\"304\" \/><\/a>\u00a0\u00a0 Bizde H\u00e2lide Edib\u2019in Kubbede Kalan Ho\u015f Sad\u00e2 hik\u00e2yesinde ve bilhassa Yahy\u00e2 Kemal\u2019in\u00a0 m\u00fbs\u0131k\u00ee anlay\u0131\u015f\u0131nda bu ger\u00e7e\u011fe temaslar vard\u0131r.<\/p>\n<p>&nbsp;<\/p>\n<p><strong><em>\u00a0\u00a0\u00a0\u00a0\u00a0\u00a0\u00a0\u00a0\u00a0\u00a0\u00a0 Bu sazlar\u0131n duyulur her telinde s\u00e2de vatan<\/em><\/strong><\/p>\n<p><strong><em>\u00a0\u00a0\u00a0\u00a0\u00a0\u00a0\u00a0\u00a0\u00a0\u00a0\u00a0 Sihirli r\u00fczg\u00e2r eser d\u00e2im\u00e2 bu topraktan.<\/em><\/strong><\/p>\n<p><strong><em>\u00a0<\/em><\/strong><\/p>\n<p>m\u0131sr\u00e2lar\u0131nda, y\u00e2hut, \u0131\u015f\u0131kl\u0131 dantelalar bestek\u00e2r\u0131 H\u00e2f\u0131z Post\u2019la b\u00fct\u00fcnlenen bir m\u00fbs\u0131k\u00ee neslinden bahsederken s\u00f6ylenen:<\/p>\n<p><strong><em>\u00a0\u00a0\u00a0\u00a0\u00a0 \u00a0 \u00a0 Bu neslin ortada d\u00e2h\u00eecedir ba\u015fard\u0131\u011f\u0131 i\u015f<\/em><\/strong><\/p>\n<p><strong><em>\u00a0\u00a0\u00a0\u00a0\u00a0 \u00a0\u00a0\u00a0 Vatan nas\u0131l kar\u0131\u015f\u0131r m\u00fbs\u0131k\u00eeyle, g\u00f6stermi\u015f<\/em>.<\/strong><\/p>\n<p>kanaatinde, i\u015fte bu fikir ve inan\u0131\u015f seslenir.<\/p>\n<p>*<\/p>\n<p>Anadolu\u2019da belli ba\u015fl\u0131 \u00fc\u00e7 halk m\u00fbs\u0131k\u00eesi ayn\u0131 ger\u00e7e\u011fi s\u00f6yler.<\/p>\n<p>Bizim Karadeniz havas\u0131 dedi\u011fimiz bestelerde poyraz r\u00fczg\u00e2r\u0131 alan da\u011flar\u0131n, k\u0131y\u0131lar\u0131n sesleri vard\u0131r. Burada da\u011flar denizlere muv\u00e2zidir. R\u00fczg\u00e2rlar da\u011flara; dalgalar, k\u0131y\u0131lara h\u0131r\u00e7\u0131n ve asab\u00ee darbelerle vururlar. Is\u0131nmak i\u00e7in v\u00fccut hareketleri yapmak zorunda kalan insanlar\u0131n titreyi\u015flerini and\u0131r\u0131r; k\u0131sa k\u0131sa, \u00e7abuk \u00e7abuk, \u00e2deta kesik kesik na\u011fmeler, bu m\u00fbs\u0131k\u00eenin temel na\u011fmeleridir. Karadeniz oyunlar\u0131n\u0131n bir titreyi\u015f kadar \u00e7abuk ve \u00e7evik hareketli fig\u00fcrleri bu seslere uygundur. O kadar ki, Karadeniz t\u00fcrk\u00fclerinde, tempolar\u0131nda, oyunlar\u0131nda, karaya vurmu\u015f hamsi bal\u0131klar\u0131n\u0131n k\u0131y\u0131daki z\u0131play\u0131\u015flar\u0131na benzer, \u00e7elik parlay\u0131\u015fl\u0131, han\u00e7er oynay\u0131\u015fl\u0131 ve g\u00fcm\u00fc\u015f renkli k\u0131vran\u0131\u015flar g\u00f6r\u00fcl\u00fcr.<\/p>\n<p>&nbsp;<\/p>\n<p>*<\/p>\n<p>Ege denizi s\u00e2hillerindeki m\u00fbs\u0131k\u00eemiz ve raks\u0131m\u0131z bundan ba\u015fkad\u0131r. Orada h\u00e2kim olan r\u00fczg\u00e2r poyraz de\u011fil, lodostur. Lodosta insan ancak a\u011f\u0131r, a\u011f\u0131rba\u015fl\u0131, uzun zamanl\u0131 ve heybetli hareketler yapar.\u00a0 Halk s\u00f6yleyi\u015finin \u201c<strong><em>Sar\u0131 zeybek \u015fu da\u011flara yaslan\u0131r<\/em><\/strong>\u201d \u015fekline koydu\u011fu t\u00fcrk\u00fcde \u00e2henk, yast\u0131\u011fa de\u011fil, da\u011flara yaslanan heybetli bir v\u00fcc\u00fbdun, bir arslan esniyor gibi, engin vekar\u0131n\u0131 besteler. Bu ikl\u00eemin m\u00fbs\u0131k\u00eesinde sesler, a\u011f\u0131r, raks\u0131nda hareketler a\u011f\u0131rd\u0131r.<\/p>\n<p>&nbsp;<\/p>\n<p>Faruk N\u00e2fiz\u2019in:<\/p>\n<p><strong><em>\u00a0\u00a0\u00a0\u00a0\u00a0\u00a0\u00a0\u00a0\u00a0\u00a0\u00a0\u00a0\u00a0\u00a0\u00a0\u00a0\u00a0\u00a0\u00a0\u00a0\u00a0\u00a0\u00a0 Bizim de kalbimizi k\u0131m\u0131ldat\u0131r yerinden<\/em><\/strong><\/p>\n<p><strong><em>\u00a0\u00a0\u00a0\u00a0\u00a0\u00a0\u00a0\u00a0\u00a0\u00a0\u00a0\u00a0\u00a0\u00a0\u00a0\u00a0\u00a0\u00a0\u00a0\u00a0\u00a0\u00a0\u00a0 Topra\u011fa diz vuru\u015fu da\u011f gibi bir zeybe\u011fin<\/em><\/strong><em>.<\/em><\/p>\n<p>m\u0131sr\u00e2lar\u0131nda i\u015fte bu raks\u0131n ve bu m\u00fbs\u0131k\u00eenin tasv\u00eeri vard\u0131r. \u00c7\u00fcnk\u00fc Ege denizi s\u00e2hillerinde da\u011flar, denizlere amuttur. R\u00fczg\u00e2rlar, Bat\u0131 Anadolu\u2019nun i\u00e7erilerine kadar girerek ikl\u00eeme Ayd\u0131n efelerinin seslerini yayarlar.<\/p>\n<p>&nbsp;<\/p>\n<p>E\u011fin t\u00fcrk\u00fclerinde ise, k\u0131\u015f\u0131n karlarla kapanan yollar\u0131n ard\u0131nda kalan bu vatan b\u00f6lgesinin gurbet ve \u00f6zleyi\u015f dolu sesleri uzar. Bu yan\u0131k na\u011fmelerde uzun esen r\u00fczg\u00e2r\u0131n, uzun ya\u011fan karlar\u0131n ve uzayan hasretlerin \u00e2hengi vard\u0131r. Orada yak\u0131lan t\u00fcrk\u00fcler:<\/p>\n<p><strong><em>\u00a0\u00a0\u00a0\u00a0\u00a0\u00a0\u00a0\u00a0\u00a0\u00a0\u00a0 E\u011fin da\u011flar\u0131nda bir karabulut<\/em><\/strong><\/p>\n<p><strong><em>\u00a0\u00a0\u00a0\u00a0\u00a0\u00a0\u00a0\u00a0\u00a0\u00a0\u00a0 Ana ben gider oldum ad\u0131m\u0131 unut<\/em><\/strong><\/p>\n<p>Derken, sesleri, bir daha geri d\u00f6n\u00fclmeyecek hissini veren, ayr\u0131l\u0131klar kadar uzun ve h\u00fcz\u00fcnl\u00fcd\u00fcr.<\/p>\n<p>*<\/p>\n<p>Bir fanteziye \u00e7ok benzeyen bu g\u00f6r\u00fc\u015flerdeki ger\u00e7ekler, bizi d\u00fc\u015f\u00fcnd\u00fcrmelidir: milletlerin yaln\u0131z mill\u00ee m\u00fbs\u0131k\u00ee ve oyunlar\u0131 de\u011fil, madd\u00ee m\u00e2nev\u00ee b\u00fct\u00fcn m\u00fcesseseleri, vatan topraklar\u0131ndan y\u00fckselen gizli seslerle ayarlan\u0131r.<\/p>\n<p>&nbsp;<\/p>\n<p>XI. y\u00fczy\u0131lda Anadolu\u2019ya gelen ayn\u0131 T\u00fcrklerin, yerle\u015ftikleri de\u011fi\u015fik iklimlerde b\u00f6yle de\u011fi\u015fik m\u00fbs\u0131k\u00eeler ve oyunlar yaratmalar\u0131, topraktan y\u00fckselen sesi duymalar\u0131ndand\u0131r.<\/p>\n<p>&nbsp;<\/p>\n<p>Milletler, yaln\u0131z t\u00fcrk\u00fc ve oyunda de\u011fil; dilde, edebiyatta, dinde, inan\u0131\u015f; d\u00fc\u015f\u00fcn\u00fc\u015f ve yarad\u0131\u015fta velh\u00e2s\u0131l b\u00fct\u00fcn sosyal ve meden\u00ee hayatta kendi vatanlar\u0131n\u0131n ba\u011fr\u0131ndan y\u00fckselen sesi duymaya mecburdurlar. Anadolu\u2019nun ba\u011fr\u0131ndan y\u00fckselen bu derin sesleri duymu\u015f ve duyacak, hak\u00eek\u00ee T\u00fcrk ayd\u0131nlar\u0131d\u0131r ki bizim mill\u00ee refah, kalk\u0131nma ve sa\u00e2det orkestram\u0131z\u0131n da b\u00fcy\u00fck besteci ve id\u00e2recileri olacaklard\u0131r.<\/p>\n<p>&nbsp;<\/p>\n<p>&nbsp;<\/p>\n<p>Amut: di\u011fer bir hatla 90 derece a\u00e7\u0131 yaparak birle\u015fen hat.<\/p>\n<p>Muv\u00e2zi: Paralel, e\u015f.<\/p>\n<p>&nbsp;<\/p>\n<p>N. S\u00e2mi Banarl\u0131, Devlet ve Devlet Terbiyesi 2. bask\u0131, sayfa: 137-139.<\/p>\n<p>&nbsp;<\/p>\n<p>&nbsp;<\/p>\n<p>&nbsp;<\/p>\n<p>&nbsp;<\/p>\n<p>&nbsp;<\/p>\n<p>&nbsp;<\/p>\n<p>&nbsp;<\/p>\n<p>&nbsp;<\/p>\n","protected":false},"excerpt":{"rendered":"<p>\u00a0\u00a0 Bizde H\u00e2lide Edib\u2019in Kubbede Kalan Ho\u015f Sad\u00e2 hik\u00e2yesinde ve bilhassa Yahy\u00e2 Kemal\u2019in\u00a0 m\u00fbs\u0131k\u00ee anlay\u0131\u015f\u0131nda bu ger\u00e7e\u011fe temaslar vard\u0131r. &nbsp;<\/p>\n","protected":false},"author":1,"featured_media":0,"comment_status":"open","ping_status":"open","sticky":false,"template":"","format":"standard","meta":[],"categories":[2],"tags":[],"_links":{"self":[{"href":"http:\/\/www.nihatsamibanarli.com\/index.php\/wp-json\/wp\/v2\/posts\/305"}],"collection":[{"href":"http:\/\/www.nihatsamibanarli.com\/index.php\/wp-json\/wp\/v2\/posts"}],"about":[{"href":"http:\/\/www.nihatsamibanarli.com\/index.php\/wp-json\/wp\/v2\/types\/post"}],"author":[{"embeddable":true,"href":"http:\/\/www.nihatsamibanarli.com\/index.php\/wp-json\/wp\/v2\/users\/1"}],"replies":[{"embeddable":true,"href":"http:\/\/www.nihatsamibanarli.com\/index.php\/wp-json\/wp\/v2\/comments?post=305"}],"version-history":[{"count":0,"href":"http:\/\/www.nihatsamibanarli.com\/index.php\/wp-json\/wp\/v2\/posts\/305\/revisions"}],"wp:attachment":[{"href":"http:\/\/www.nihatsamibanarli.com\/index.php\/wp-json\/wp\/v2\/media?parent=305"}],"wp:term":[{"taxonomy":"category","embeddable":true,"href":"http:\/\/www.nihatsamibanarli.com\/index.php\/wp-json\/wp\/v2\/categories?post=305"},{"taxonomy":"post_tag","embeddable":true,"href":"http:\/\/www.nihatsamibanarli.com\/index.php\/wp-json\/wp\/v2\/tags?post=305"}],"curies":[{"name":"wp","href":"https:\/\/api.w.org\/{rel}","templated":true}]}}