{"id":323,"date":"2012-01-04T20:49:14","date_gmt":"2012-01-04T20:49:14","guid":{"rendered":"http:\/\/www.nihadsamibanarli.com\/?p=323"},"modified":"2012-01-04T20:49:14","modified_gmt":"2012-01-04T20:49:14","slug":"turkun-uc-ordusu","status":"publish","type":"post","link":"http:\/\/www.nihatsamibanarli.com\/index.php\/2012\/01\/04\/turkun-uc-ordusu\/","title":{"rendered":"T\u00dcRK&#8217;\u00dcN \u00dc\u00c7 ORDUSU-1"},"content":{"rendered":"<p><a href=\"https:\/\/nihadsamibanarli.files.wordpress.com\/2021\/01\/3786e-turk-askerleri1.jpg\"><img loading=\"lazy\" class=\"alignleft  wp-image-325\" title=\"T\u00fcrk askerleri\" src=\"https:\/\/nihadsamibanarli.files.wordpress.com\/2021\/01\/3786e-turk-askerleri1.jpg?w=300&#038;h=224\" alt=\"\" width=\"242\" height=\"309\" \/><\/a><!--[if gte mso 9]&gt;--><\/p>\n<p>Normal<br \/>\n0<br \/>\n21<\/p>\n<p>false<br \/>\nfalse<br \/>\nfalse<\/p>\n<p>MicrosoftInternetExplorer4<\/p>\n<p><!--[if gte mso 9]&gt;--><\/p>\n<p><!--[if gte mso 10]&gt;--><\/p>\n<p> \/* Style Definitions *\/<br \/>\n table.MsoNormalTable<br \/>\n\t{mso-style-name:&#8221;Normal Tablo&#8221;;<br \/>\n\tmso-tstyle-rowband-size:0;<br \/>\n\tmso-tstyle-colband-size:0;<br \/>\n\tmso-style-noshow:yes;<br \/>\n\tmso-style-parent:&#8221;&#8221;;<br \/>\n\tmso-padding-alt:0cm 5.4pt 0cm 5.4pt;<br \/>\n\tmso-para-margin:0cm;<br \/>\n\tmso-para-margin-bottom:.0001pt;<br \/>\n\tmso-pagination:widow-orphan;<br \/>\n\tfont-size:10.0pt;<br \/>\n\tfont-family:&#8221;Times New Roman&#8221;;<br \/>\n\tmso-ansi-language:#0400;<br \/>\n\tmso-fareast-language:#0400;<br \/>\n\tmso-bidi-language:#0400;}<\/p>\n<p class=\"MsoNormal\">\u00a0\u00a0\u00a0 B\u00fcy\u00fck bir T\u00fcrk \u015f\u00e2iri, milletimizin t\u00e2rihindeki en m\u00fchim vasf\u0131n\u0131 \u201dOrdu-milletlerin en \u00e7ok d\u00f6\u011f\u00fc\u015fen, en sarp\u0131\u201d m\u0131sr\u00e2\u0131nda hul\u00e2sa eder.<\/p>\n<p class=\"MsoNormal\">\u00a0\u00a0 Ger\u00e7ekten milletimiz, Anadolu ve Balkanlar T\u00fcrkiyesi\u2019ne\u00a0\u00a0 bir \u201cordu-millet\u201d halinde gelmi\u015f; co\u011frafyan\u0131n bu en g\u00fczel vatan\u0131ndaki medeniyetini, bir \u201cordu-millet\u201d \u015fahlan\u0131\u015f\u0131, \u00e7al\u0131\u015fkanl\u0131\u011f\u0131, yarat\u0131c\u0131l\u0131\u011f\u0131 ve disiplini i\u00e7inde kurmu\u015ftur. \u0130sl\u00e2m d\u00fcnyas\u0131nda as\u0131rlarca \u00e7alkalanm\u0131\u015f bir Peygamber s\u00f6z\u00fc de bizim bu faz\u00eeletimizi bey\u00e2n eder.<\/p>\n<p class=\"MsoNormal\">\u00a0\u00a0\u00a0 Yayg\u0131n bir riv\u00e2yete g\u00f6re, Hazret-i Muhammed, Hak\u2019k\u0131n kel\u00e2m\u0131na terc\u00fcm\u00e2n olarak, <strong><em>Bir ordum var ki, ad\u0131n\u0131 T\u00fcrk koydum<\/em><\/strong>, demi\u015ftir.<\/p>\n<p class=\"MsoNormal\">\u00a0\u00a0\u00a0 Bu hadis Tanr\u0131\u2019n\u0131n, yery\u00fcz\u00fcndeki b\u00fct\u00fcn faz\u00eeletlere, b\u00fct\u00fcn huzur ve emniyetlerle ger\u00e7ek ad\u00e2lete T\u00fcrk milletini, y\u00e2ni T\u00fcrk ordusunu sebep ve v\u00e2s\u0131ta yaratt\u0131\u011f\u0131 m\u00e2n\u00e2s\u0131ndad\u0131r. Bu hadis e\u011fer do\u011fru ise, m\u00e2n\u00e2s\u0131 budur. E\u011fer Hak\u2019k\u0131n kel\u00e2m\u0131n\u0131 de\u011fil de halk\u0131n \u00eem\u00e2n\u0131n\u0131 if\u00e2de ediyorsa, m\u00e2n\u00e2s\u0131 ve m\u00e2hiyeti de\u011fi\u015fmez. O zaman da ba\u015fka milletlerin, T\u00fcrkleri hangi v\u00e2zifede g\u00f6rd\u00fckleri ve T\u00fcrk ordusuna nas\u0131l g\u00fcvendiklerini isb\u00e2t eder.<\/p>\n<p class=\"MsoNormal\">Bizim birinci vasf\u0131m\u0131z budur: yery\u00fcz\u00fcne huz\u00fbru, emniyeti, \u00eeman n\u00fbrunu, insanl\u0131k \u015fefk\u00e2t ve ad\u00e2letini, hem de ordu v\u00e2s\u0131tas\u0131yla yaymak; t\u00e2rihin her devrinde, ba\u011fr\u0131ndan b\u00f6yle kuvvetler \u00e7\u0131kar\u0131r bir \u201cordu-millet\u201d olmak\u2026<\/p>\n<p class=\"MsoNormal\">\u00c7\u00fcnk\u00fc bu ordu F\u00e2tih Sultan Mehmet\u2019in ordusu gibi, bir g\u00e2ziler ve F\u00e2tihler ordusu oldu\u011fu halde fethetti\u011fi \u00fclkelere zul\u00fcm ve \u00f6l\u00fcm yerine, \u015fefk\u00e2t ve ad\u00e2let g\u00f6t\u00fcrmesiyle tan\u0131nm\u0131\u015f tek d\u00fcny\u00e2 ordusudur.<\/p>\n<p class=\"MsoNormal\">Nihad S\u00e2mi Banarl\u0131, Edebiyat Sohbetleri 5. bask\u0131, Sayfa : 310-312.<\/p>\n","protected":false},"excerpt":{"rendered":"<p>Normal 0 21 false false false MicrosoftInternetExplorer4 \/* Style Definitions *\/ table.MsoNormalTable {mso-style-name:&#8221;Normal Tablo&#8221;; mso-tstyle-rowband-size:0; mso-tstyle-colband-size:0; mso-style-noshow:yes; mso-style-parent:&#8221;&#8221;; mso-padding-alt:0cm 5.4pt<\/p>\n","protected":false},"author":1,"featured_media":0,"comment_status":"open","ping_status":"open","sticky":false,"template":"","format":"standard","meta":[],"categories":[3],"tags":[],"_links":{"self":[{"href":"http:\/\/www.nihatsamibanarli.com\/index.php\/wp-json\/wp\/v2\/posts\/323"}],"collection":[{"href":"http:\/\/www.nihatsamibanarli.com\/index.php\/wp-json\/wp\/v2\/posts"}],"about":[{"href":"http:\/\/www.nihatsamibanarli.com\/index.php\/wp-json\/wp\/v2\/types\/post"}],"author":[{"embeddable":true,"href":"http:\/\/www.nihatsamibanarli.com\/index.php\/wp-json\/wp\/v2\/users\/1"}],"replies":[{"embeddable":true,"href":"http:\/\/www.nihatsamibanarli.com\/index.php\/wp-json\/wp\/v2\/comments?post=323"}],"version-history":[{"count":0,"href":"http:\/\/www.nihatsamibanarli.com\/index.php\/wp-json\/wp\/v2\/posts\/323\/revisions"}],"wp:attachment":[{"href":"http:\/\/www.nihatsamibanarli.com\/index.php\/wp-json\/wp\/v2\/media?parent=323"}],"wp:term":[{"taxonomy":"category","embeddable":true,"href":"http:\/\/www.nihatsamibanarli.com\/index.php\/wp-json\/wp\/v2\/categories?post=323"},{"taxonomy":"post_tag","embeddable":true,"href":"http:\/\/www.nihatsamibanarli.com\/index.php\/wp-json\/wp\/v2\/tags?post=323"}],"curies":[{"name":"wp","href":"https:\/\/api.w.org\/{rel}","templated":true}]}}