{"id":600,"date":"2012-05-29T19:55:53","date_gmt":"2012-05-29T19:55:53","guid":{"rendered":"http:\/\/www.nihadsamibanarli.com\/?p=600"},"modified":"2012-05-29T19:55:53","modified_gmt":"2012-05-29T19:55:53","slug":"29-mayis-uzerine","status":"publish","type":"post","link":"http:\/\/www.nihatsamibanarli.com\/index.php\/2012\/05\/29\/29-mayis-uzerine\/","title":{"rendered":"29 May\u0131s \u00fczerine"},"content":{"rendered":"<p><a href=\"https:\/\/nihadsamibanarli.files.wordpress.com\/2021\/01\/1e09d-istanbulun-fethi.jpg\"><img loading=\"lazy\" class=\"alignleft size-full wp-image-601\" title=\"istanbulun-fethi\" src=\"https:\/\/nihadsamibanarli.files.wordpress.com\/2021\/01\/1e09d-istanbulun-fethi.jpg\" alt=\"\" width=\"462\" height=\"344\" \/><\/a>29 May\u0131s nedir?<\/p>\n<p>&nbsp;<\/p>\n<p>Bizim \u0130stanbul&#8217;u fethetti\u011fimiz g\u00fcn.<\/p>\n<p>&nbsp;<\/p>\n<p>Bug\u00fcn yaln\u0131z \u0130stanbul&#8217;un b\u00fcy\u00fck g\u00fcn\u00fc de\u011fildir. B\u00fct\u00fcn vatan\u0131n, teredd\u00fcts\u00fcz, en b\u00fcy\u00fck g\u00fcn\u00fcd\u00fcr.<\/p>\n<p>\u00c7\u00fcnk\u00fc bizzat T\u00fcrk t\u00e2rihi d\u00e2hil olmak \u00fczere hi\u00e7bir milletin t\u00e2rihinde \u0130stanbul fethi kadar b\u00fcy\u00fck bir g\u00fcn yoktur.<\/p>\n<p>\u00c7\u00fcnk\u00fc \u0130stanbul fethi, s\u0131radan m\u00e2cer\u00e2, bir tes\u00e2d\u00fcf de\u011fildir. Bu fetih, uzun as\u0131rlar\u0131n, b\u00fcy\u00fck ideallerin v\u00e2s\u0131l oldu\u011fu, d\u00fcny\u00e2 \u00f6l\u00e7\u00fcs\u00fcnde bir zaferdir:<\/p>\n<p>T\u00fcrk milleti, \u00e7ok eski as\u0131rlardan beri Karadeniz ve Akdeniz \u00e7evresine sahip ve h\u00e2kim olmak emelindeydi. Bu emelle balkanlardan sarkarak def&#8217;alarca \u0130stanbul&#8217;a yakla\u015fan T\u00fcrkler olmu\u015ftu.<\/p>\n<p>\u0130stanbul fethi, \u0130sl\u00e2m d\u00fcny\u00e2s\u0131n\u0131n da b\u00fcy\u00fck idealiydi. Hz. Muhammed&#8217;in \u00e7ok g\u00fczel s\u00f6zlerle m\u00fcjdeledi\u011fi fetih buydu. Hz. Muhammed, &#8220;\u0130stanbul elbette feth olunacakt\u0131r!. Onu fethedecek em\u00eer ne ulu em\u00eer ve onun askeri, ne m\u00fcb\u00e2rek askerdir!&#8221; buyurmu\u015ftu.<\/p>\n<p>Fakat m\u00fcsl\u00fcman olmadan \u00f6nce T\u00fcrkler ve m\u00fcsl\u00fcman olmalar\u0131na ra\u011fmen Araplar \u0130stanbul&#8217;u alamad\u0131lar. Kader istemi\u015fti ki, T\u00fcrkler m\u00fcsl\u00fcman olsun, T\u00fcrk kan\u0131yle \u0130sl\u00e2m \u00eem\u00e2n\u0131n\u0131n birle\u015fmesinden do\u011fan y\u00fcce kudretle gelsin ve \u0130stanbul&#8217;un ebed\u00ee s\u00e2hibi olsun.<\/p>\n<p>H\u00e2dise, kelimesi kelimesine b\u00f6yle olmu\u015ftur. Ayn\u0131 h\u00e2dise bug\u00fcn bir vicd\u00e2n soysuzlu\u011funa u\u011fram\u0131\u015flarca k\u00fc\u00e7\u00fck g\u00f6r\u00fclen \u0130sl\u00e2m \u00eem\u00e2n\u0131n\u0131n kahraman bir milletin vicd\u00e2n d\u00fcny\u00e2s\u0131yla birle\u015fince nas\u0131l m\u00fb&#8217;cizeler yaratam \u00eem\u00e2n oldu\u011funu g\u00f6sterir.<\/p>\n<p>\u00c7\u00fcnk\u00fc \u0130sl\u00e2m\u0131n en b\u00fcy\u00fck milleti T\u00fcrklerdir. \u00c7\u00fcnk\u00fc \u0130sl\u00e2m d\u00fcnyas\u0131nda daha dokuzuncu, onuncu as\u0131rlarda Hz. Muhammed&#8217;in &#8220;Bir ordum var ki ad\u0131n\u0131 T\u00fcrk koydum.&#8221; dedi\u011finin \u015f\u00e2yi olmas\u0131 derin bir m\u00e2n\u00e2 if\u00e2de eder. Bu m\u00e2n\u00e2 bize \u0130stanbul&#8217;u fethettiren m\u00e2n\u00e2d\u0131r&#8230;<\/p>\n","protected":false},"excerpt":{"rendered":"<p>29 May\u0131s nedir? &nbsp; Bizim \u0130stanbul&#8217;u fethetti\u011fimiz g\u00fcn. &nbsp; Bug\u00fcn yaln\u0131z \u0130stanbul&#8217;un b\u00fcy\u00fck g\u00fcn\u00fc de\u011fildir. B\u00fct\u00fcn vatan\u0131n, teredd\u00fcts\u00fcz, en b\u00fcy\u00fck<\/p>\n","protected":false},"author":1,"featured_media":0,"comment_status":"open","ping_status":"open","sticky":false,"template":"","format":"standard","meta":[],"categories":[11],"tags":[18,38,191,161,118,259,295,897,470,578,621,723,792,754,783,812],"_links":{"self":[{"href":"http:\/\/www.nihatsamibanarli.com\/index.php\/wp-json\/wp\/v2\/posts\/600"}],"collection":[{"href":"http:\/\/www.nihatsamibanarli.com\/index.php\/wp-json\/wp\/v2\/posts"}],"about":[{"href":"http:\/\/www.nihatsamibanarli.com\/index.php\/wp-json\/wp\/v2\/types\/post"}],"author":[{"embeddable":true,"href":"http:\/\/www.nihatsamibanarli.com\/index.php\/wp-json\/wp\/v2\/users\/1"}],"replies":[{"embeddable":true,"href":"http:\/\/www.nihatsamibanarli.com\/index.php\/wp-json\/wp\/v2\/comments?post=600"}],"version-history":[{"count":0,"href":"http:\/\/www.nihatsamibanarli.com\/index.php\/wp-json\/wp\/v2\/posts\/600\/revisions"}],"wp:attachment":[{"href":"http:\/\/www.nihatsamibanarli.com\/index.php\/wp-json\/wp\/v2\/media?parent=600"}],"wp:term":[{"taxonomy":"category","embeddable":true,"href":"http:\/\/www.nihatsamibanarli.com\/index.php\/wp-json\/wp\/v2\/categories?post=600"},{"taxonomy":"post_tag","embeddable":true,"href":"http:\/\/www.nihatsamibanarli.com\/index.php\/wp-json\/wp\/v2\/tags?post=600"}],"curies":[{"name":"wp","href":"https:\/\/api.w.org\/{rel}","templated":true}]}}