{"id":610,"date":"2012-07-22T16:16:36","date_gmt":"2012-07-22T16:16:36","guid":{"rendered":"http:\/\/www.nihadsamibanarli.com\/?p=610"},"modified":"2012-07-22T16:16:36","modified_gmt":"2012-07-22T16:16:36","slug":"bir-ramazan-sohbeti","status":"publish","type":"post","link":"http:\/\/www.nihatsamibanarli.com\/index.php\/2012\/07\/22\/bir-ramazan-sohbeti\/","title":{"rendered":"B\u0130R RAMAZAN SOHBET\u0130"},"content":{"rendered":"<p><a href=\"https:\/\/nihadsamibanarli.files.wordpress.com\/2021\/01\/29d5e-ramazan-ramadan-seker-bayram-istanbul-turkey.jpg\"><img loading=\"lazy\" class=\"alignright size-full wp-image-611\" title=\"ramazan-ramadan-seker-bayram-istanbul-turkey\" src=\"https:\/\/nihadsamibanarli.files.wordpress.com\/2021\/01\/29d5e-ramazan-ramadan-seker-bayram-istanbul-turkey.jpg\" alt=\"\" width=\"508\" height=\"365\" \/><\/a><\/p>\n<p>Oruc\u2019un asl\u0131 Arap\u00e7ada \u201csavm\u201dd\u0131r. \u0130ranl\u0131lar kelimeyi kendi dillerinde an\u2019anesi olan bir s\u00f6zle if\u00e2de ederek, savm yerine \u201cr\u00fbze\u201d demi\u015flerdir. Bu d\u00een\u00ee \u0131st\u0131lahlar\u0131n bile bir ba\u015fka dilde mill\u00eele\u015fmesidir.<\/p>\n<p>Eski T\u00fcrk\u2019\u00fcn yeme i\u00e7me an\u2019anesinde, ya\u015fad\u0131\u011f\u0131 co\u011frafya ic\u00e2b\u0131, oru\u00e7 tutulmad\u0131\u011f\u0131 i\u00e7in, T\u00fcrk, bu kelimeyi Acemden alm\u0131\u015f, fakat \u201cr\u00fbze\u201d demek onun mill\u00ee l\u00eesan \u00fcsl\u00fbbuna uymad\u0131\u011f\u0131 i\u00e7in de bu kelimeden T\u00fcrk\u00e7e \u201coru\u00e7\u201d s\u00f6z\u00fcn\u00fc yaratm\u0131\u015f.<\/p>\n<p>&nbsp;<\/p>\n<p>***<\/p>\n<p>&nbsp;<\/p>\n<p>Her ne ise.. T\u00fcrk\u00fcn Ramazan, oru\u00e7, k\u0131saca \u00eem\u00e2n anlay\u0131\u015f\u0131nda da b\u00f6yle bir mill\u00ee \u00fcsl\u00fbp vard\u0131r. Taassuptan ho\u015flanmaz. Ham sofuluktan ve softal\u0131ktan i\u011frenir. T\u00fcrk\u00fcn en b\u00fcy\u00fck inanm\u0131\u015flar\u0131ndan Fuz\u00fbl\u00ee\u2019nin bir Ramazan ay\u0131nda n\u00fckte ve sembol lis\u00e2niyle de olsa, \u015faraptan ve meyhaneden uzak kalmay\u0131 hemen hemen bir talihsizlik sayacak kadar softalara ve mutaass\u0131plara \u00e7evrilmi\u015f bir alay lis\u00e2n\u0131 kullanmas\u0131 bundand\u0131r.<\/p>\n<p><strong>\u00a0<\/strong><\/p>\n<p><strong>Ramazan \u00e2y\u0131 gerek \u00e2\u00e7\u0131la Cennet kapusu<br \/>\nNe rev\u00e2 kim ola meyh\u00e2ne kap\u00fbs\u00fb ba\u011flu<\/strong><\/p>\n<p><strong>Feth-i meyh\u00e2ne i\u00e7\u00fcn okuyal\u0131m f\u00e2tihalar<br \/>\nOla kim y\u00fcz\u00fcm\u00fcze \u00e2\u00e7\u0131la bir ba\u011flu kapu<\/strong><\/p>\n<p><strong>\u0130ntiz\u00e2r-\u00ee mey-i g\u00fclg\u00fbn ile bayram ay\u0131na<br \/>\nBaka b\u00e2k\u00e2 inecekdir g\u00f6z\u00fcm\u00fcze kara su<br \/>\nRamazan oldu budur vehmi Fuz\u00fbl\u00ee\u2019nin kim<br \/>\nNice g\u00fcn i\u00e7meye mey z\u00fchd ile n\u00e2geh tuta h\u00fb<\/strong><\/p>\n<p>***<\/p>\n<p>Bir bak\u0131ma medrese zihniyeti ile tekke anlay\u0131\u015f\u0131n\u0131n y\u00e2ni k\u00f6r\u00fc k\u00f6r\u00fcne inan\u0131\u015fla h\u00fcr inan\u0131\u015f\u0131n gizli \u00e7arp\u0131\u015fmas\u0131 i\u00e7inde s\u00f6ylenen bu m\u0131sr\u00e2lar ayn\u0131 zamanda zar\u00eef bir lat\u00eefedir. M\u00fcsl\u00fcmanl\u0131\u011f\u0131n \u015fekilden ve d\u0131\u015f g\u00f6r\u00fcn\u00fc\u015fden ziy\u00e2de i\u00e7te, vicd\u00e2nda olu\u015funa, Allah\u2019\u0131n g\u00f6klerden \u00f6nce g\u00f6n\u00fcllerde taht kuru\u015funa inanm\u0131\u015flar\u0131n lat\u00eefesi\u2026<\/p>\n<p>&nbsp;<\/p>\n<p>Nihad S\u00e2mi Banarl\u0131, Edebiyat Sohbetleri, 5. bask\u0131, sayfa : 325-329<\/p>\n","protected":false},"excerpt":{"rendered":"<p>Oruc\u2019un asl\u0131 Arap\u00e7ada \u201csavm\u201dd\u0131r. \u0130ranl\u0131lar kelimeyi kendi dillerinde an\u2019anesi olan bir s\u00f6zle if\u00e2de ederek, savm yerine \u201cr\u00fbze\u201d demi\u015flerdir. Bu d\u00een\u00ee<\/p>\n","protected":false},"author":1,"featured_media":0,"comment_status":"open","ping_status":"open","sticky":false,"template":"","format":"standard","meta":[],"categories":[3],"tags":[58,221,326,498,631,632,633,881,676,742,826,843],"_links":{"self":[{"href":"http:\/\/www.nihatsamibanarli.com\/index.php\/wp-json\/wp\/v2\/posts\/610"}],"collection":[{"href":"http:\/\/www.nihatsamibanarli.com\/index.php\/wp-json\/wp\/v2\/posts"}],"about":[{"href":"http:\/\/www.nihatsamibanarli.com\/index.php\/wp-json\/wp\/v2\/types\/post"}],"author":[{"embeddable":true,"href":"http:\/\/www.nihatsamibanarli.com\/index.php\/wp-json\/wp\/v2\/users\/1"}],"replies":[{"embeddable":true,"href":"http:\/\/www.nihatsamibanarli.com\/index.php\/wp-json\/wp\/v2\/comments?post=610"}],"version-history":[{"count":0,"href":"http:\/\/www.nihatsamibanarli.com\/index.php\/wp-json\/wp\/v2\/posts\/610\/revisions"}],"wp:attachment":[{"href":"http:\/\/www.nihatsamibanarli.com\/index.php\/wp-json\/wp\/v2\/media?parent=610"}],"wp:term":[{"taxonomy":"category","embeddable":true,"href":"http:\/\/www.nihatsamibanarli.com\/index.php\/wp-json\/wp\/v2\/categories?post=610"},{"taxonomy":"post_tag","embeddable":true,"href":"http:\/\/www.nihatsamibanarli.com\/index.php\/wp-json\/wp\/v2\/tags?post=610"}],"curies":[{"name":"wp","href":"https:\/\/api.w.org\/{rel}","templated":true}]}}