{"id":615,"date":"2012-09-12T19:37:31","date_gmt":"2012-09-12T19:37:31","guid":{"rendered":"http:\/\/www.nihadsamibanarli.com\/?p=615"},"modified":"2012-09-12T19:37:31","modified_gmt":"2012-09-12T19:37:31","slug":"millet-karsisinda-konusabilmek","status":"publish","type":"post","link":"http:\/\/www.nihatsamibanarli.com\/index.php\/2012\/09\/12\/millet-karsisinda-konusabilmek\/","title":{"rendered":"Millet Kar\u015f\u0131s\u0131nda Konu\u015fabilmek"},"content":{"rendered":"<p>Kolay zannedilir ama \u00f6yle de\u011fildir. Bilhassa milet kar\u015f\u0131s\u0131na \u00e7\u0131kacak kimselerin, bir konu\u015fma h\u00fcnerine s\u00e2hip olmalar\u0131 gerekir.<\/p>\n<p>***<\/p>\n<p>B\u00fcy\u00fck devlet adamlar\u0131, b\u00fcy\u00fck, serdar ve kumandanlar, t\u00e2rihteki ba\u015far\u0131lar\u0131n\u0131, bir\u00e7ok da konu\u015fmalar\u0131ndaki g\u00fczel ve tesirli s\u00f6yleyi\u015fle elde etmi\u015flerdir.<\/p>\n<p>***<\/p>\n<p>Bizde m\u00fchim bir k\u0131s\u0131m siy\u00e2set ve id\u00e2re adamlar\u0131, memleketimizdeki \u015fu dil y\u0131k\u0131m\u0131 i\u00e7inde g\u00fczel T\u00fcrk\u00e7e\u2019yi o kadar unutmu\u015f g\u00f6r\u00fcn\u00fcyorlar ki, \u015fa\u015fmamak elden gelmiyor. Onlar\u0131n, bu dil burhr\u00e2n\u0131na neden bu derece\u00a0 kay\u0131ts\u0131z kald\u0131klar\u0131 da bu tutumlar\u0131ndan belli oluyor.<\/p>\n<p>&nbsp;<\/p>\n<p>Konu\u015fmak, bang\u0131r bang\u0131r ba\u011f\u0131rmak demek de\u011fildir. Buna muk\u00e2bil, kelimeleri, ne s\u00f6yledi\u011fi belli olmayacak derecede a\u011fz\u0131n\u0131n i\u00e7inde saklamak da de\u011fildir. Konu\u015fmak, kelimelerin (hangi kelime olursa olsun) son hecelerini, en monoton seslerle uzat\u0131p, s\u00f6z\u00fcm ona tesirli konu\u015ftu\u011funu zannetmek de de\u011fildir.<\/p>\n<p>Konu\u015fmak, \u00f6nce her kelimenin nerede ve nas\u0131l tel\u00e2ffuz edilece\u011fini; bir kelimeye hangi ses verildi\u011fi takdirde onun hangi m\u00e2n\u00e2ya gelece\u011fini, sistemli \u015fekilde \u00f6\u011frenmekle ba\u015flar.<\/p>\n<p>***<\/p>\n<p>Millet\u00e7e bilinir, sevilir, konu\u015fulur ve derin hazla \u00f6\u011frenilir bir dili olmayan bir \u00fclke, nas\u0131l kalk\u0131n\u0131r ve \u00e7a\u011fda\u015f k\u00fclt\u00fcrle, hangi v\u00e2s\u0131tayla yar\u0131\u015fa girer? Bir bin\u00e2ya birikmi\u015f be\u015f on ki\u015finin, b\u00fct\u00fcn bir milletin diliyle canlar\u0131 istedi\u011fi gibi oynamalar\u0131 suretiyle mi?<\/p>\n<p>***<\/p>\n<p>Nihad S\u00e2mi BANARLI, Devlet ve Devlet terbiyesi, \u201cMillet kar\u015f\u0131s\u0131nda konu\u015fabilmek\u201d 2. Bask\u0131, Sayfa : 119-124.<\/p>\n","protected":false},"excerpt":{"rendered":"<p>Kolay zannedilir ama \u00f6yle de\u011fildir. Bilhassa milet kar\u015f\u0131s\u0131na \u00e7\u0131kacak kimselerin, bir konu\u015fma h\u00fcnerine s\u00e2hip olmalar\u0131 gerekir. *** B\u00fcy\u00fck devlet adamlar\u0131,<\/p>\n","protected":false},"author":1,"featured_media":32,"comment_status":"open","ping_status":"open","sticky":false,"template":"","format":"standard","meta":[],"categories":[4],"tags":[105],"_links":{"self":[{"href":"http:\/\/www.nihatsamibanarli.com\/index.php\/wp-json\/wp\/v2\/posts\/615"}],"collection":[{"href":"http:\/\/www.nihatsamibanarli.com\/index.php\/wp-json\/wp\/v2\/posts"}],"about":[{"href":"http:\/\/www.nihatsamibanarli.com\/index.php\/wp-json\/wp\/v2\/types\/post"}],"author":[{"embeddable":true,"href":"http:\/\/www.nihatsamibanarli.com\/index.php\/wp-json\/wp\/v2\/users\/1"}],"replies":[{"embeddable":true,"href":"http:\/\/www.nihatsamibanarli.com\/index.php\/wp-json\/wp\/v2\/comments?post=615"}],"version-history":[{"count":0,"href":"http:\/\/www.nihatsamibanarli.com\/index.php\/wp-json\/wp\/v2\/posts\/615\/revisions"}],"wp:featuredmedia":[{"embeddable":true,"href":"http:\/\/www.nihatsamibanarli.com\/index.php\/wp-json\/wp\/v2\/media\/32"}],"wp:attachment":[{"href":"http:\/\/www.nihatsamibanarli.com\/index.php\/wp-json\/wp\/v2\/media?parent=615"}],"wp:term":[{"taxonomy":"category","embeddable":true,"href":"http:\/\/www.nihatsamibanarli.com\/index.php\/wp-json\/wp\/v2\/categories?post=615"},{"taxonomy":"post_tag","embeddable":true,"href":"http:\/\/www.nihatsamibanarli.com\/index.php\/wp-json\/wp\/v2\/tags?post=615"}],"curies":[{"name":"wp","href":"https:\/\/api.w.org\/{rel}","templated":true}]}}