{"id":620,"date":"2012-09-17T18:05:54","date_gmt":"2012-09-17T18:05:54","guid":{"rendered":"http:\/\/www.nihadsamibanarli.com\/?p=620"},"modified":"2012-09-17T18:05:54","modified_gmt":"2012-09-17T18:05:54","slug":"vicdan-dunyasinin-yikilisi","status":"publish","type":"post","link":"http:\/\/www.nihatsamibanarli.com\/index.php\/2012\/09\/17\/vicdan-dunyasinin-yikilisi\/","title":{"rendered":"Vicdan D\u00fcny\u00e2s\u0131n\u0131n Y\u0131k\u0131l\u0131\u015f\u0131"},"content":{"rendered":"<p>***<\/p>\n<p>Halbuki :<\/p>\n<p><strong><em>Yetmi\u015f iki millete bir g\u00f6z ile bakmayan<\/em><\/strong><\/p>\n<p><strong><em>Halka m\u00fcderris olsa hak\u00eekatta \u00e2s\u00eed\u00fcr.<\/em><\/strong><\/p>\n<p>Diyen Y\u00fbnus Emre\u2019nin inand\u0131\u011f\u0131 Tanr\u0131, hi\u00e7 de b\u00f6yle de\u011fildi. O, insanlar\u0131 birbirine yakla\u015ft\u0131rm\u0131\u015f, birbirine karde\u015f yapm\u0131\u015ft\u0131. O \u00e7a\u011flarda insanlar\u0131n, birbirlerini hatta insan gibi de\u011fil de Allah gibi sevdikleri olmu\u015ftu. Yery\u00fcz\u00fc, hayatlar\u0131n\u0131 be\u015fer hay\u0131r\u0131 i\u00e7in sarfeden \u201cb\u00fcy\u00fck vicdanlar\u201dla dolmu\u015ftu.<\/p>\n<p>M\u00fcnevverler, kendileri inanmasalar bile, b\u00fcy\u00fck halk k\u00fctlelerinin vicd\u00e2n\u0131ndaki Tanr\u0131\u2019y\u0131 hoyrat\u00e7a s\u00f6k\u00fcp atmaktan \u00e7ekinmelidirler. \u0130nsanlar\u0131 inanmak ihtiya\u00e7lar\u0131 ile ba\u015f ba\u015fa b\u0131rakmal\u0131 ve \u201ctefekk\u00fcr\u201de i\u00e7tim\u00e2\u00ee bir \u015feytanl\u0131k vaz\u00eefesi g\u00f6rd\u00fcrmekten korkulmal\u0131d\u0131r.<\/p>\n<p>***<\/p>\n<p>\u0130nanan insanlar belki daha saf fakat daha mesut ve bilhassa daha iyi insanlard\u0131r. \u0130yi insanlar ve iyi insanlardan m\u00fcrekkep cemiyetler ise fen\u00e2 i\u015fler g\u00f6remezler. Herhalde yery\u00fcz\u00fcndeki bu m\u00fcthi\u015f \u00e7at\u0131rt\u0131larda \u201cTanr\u0131 fikri\u201dnin y\u0131k\u0131l\u0131\u015f\u0131ndaki tarrakalardan da bir par\u00e7a ses vard\u0131r; \u00e7\u00fcnk\u00fc t\u00e2rih boyunca g\u00f6r\u00fclen b\u00fct\u00fcn madd\u00ee \u00e7\u00f6k\u00fcnt\u00fcler, onlar\u0131 sonsuz bir ustal\u0131kla haz\u0131rlayan m\u00e2nev\u00ee y\u0131k\u0131l\u0131\u015flar\u0131n eseridir.<\/p>\n<p>&nbsp;<\/p>\n<p>Nihad S\u00e2mi BANARLI, Devlet ve Devlet Terbiyesi, 2. bask\u0131, sayfa 67-68.<\/p>\n<p>&nbsp;<\/p>\n","protected":false},"excerpt":{"rendered":"<p>*** Halbuki : Yetmi\u015f iki millete bir g\u00f6z ile bakmayan Halka m\u00fcderris olsa hak\u00eekatta \u00e2s\u00eed\u00fcr. Diyen Y\u00fbnus Emre\u2019nin inand\u0131\u011f\u0131 Tanr\u0131,<\/p>\n","protected":false},"author":1,"featured_media":687,"comment_status":"open","ping_status":"open","sticky":false,"template":"","format":"standard","meta":[],"categories":[2],"tags":[824,869],"_links":{"self":[{"href":"http:\/\/www.nihatsamibanarli.com\/index.php\/wp-json\/wp\/v2\/posts\/620"}],"collection":[{"href":"http:\/\/www.nihatsamibanarli.com\/index.php\/wp-json\/wp\/v2\/posts"}],"about":[{"href":"http:\/\/www.nihatsamibanarli.com\/index.php\/wp-json\/wp\/v2\/types\/post"}],"author":[{"embeddable":true,"href":"http:\/\/www.nihatsamibanarli.com\/index.php\/wp-json\/wp\/v2\/users\/1"}],"replies":[{"embeddable":true,"href":"http:\/\/www.nihatsamibanarli.com\/index.php\/wp-json\/wp\/v2\/comments?post=620"}],"version-history":[{"count":0,"href":"http:\/\/www.nihatsamibanarli.com\/index.php\/wp-json\/wp\/v2\/posts\/620\/revisions"}],"wp:featuredmedia":[{"embeddable":true,"href":"http:\/\/www.nihatsamibanarli.com\/index.php\/wp-json\/wp\/v2\/media\/687"}],"wp:attachment":[{"href":"http:\/\/www.nihatsamibanarli.com\/index.php\/wp-json\/wp\/v2\/media?parent=620"}],"wp:term":[{"taxonomy":"category","embeddable":true,"href":"http:\/\/www.nihatsamibanarli.com\/index.php\/wp-json\/wp\/v2\/categories?post=620"},{"taxonomy":"post_tag","embeddable":true,"href":"http:\/\/www.nihatsamibanarli.com\/index.php\/wp-json\/wp\/v2\/tags?post=620"}],"curies":[{"name":"wp","href":"https:\/\/api.w.org\/{rel}","templated":true}]}}