{"id":625,"date":"2012-09-18T18:57:28","date_gmt":"2012-09-18T18:57:28","guid":{"rendered":"http:\/\/www.nihadsamibanarli.com\/?p=625"},"modified":"2012-09-18T18:57:28","modified_gmt":"2012-09-18T18:57:28","slug":"girid-ve-kibris","status":"publish","type":"post","link":"http:\/\/www.nihatsamibanarli.com\/index.php\/2012\/09\/18\/girid-ve-kibris\/","title":{"rendered":"Girid ve K\u0131br\u0131s"},"content":{"rendered":"<p>***<a href=\"https:\/\/nihadsamibanarli.files.wordpress.com\/2021\/01\/2a761-girit.kandiye.en-guzel-resim.jpg\"><img loading=\"lazy\" class=\"alignright size-full wp-image-626\" title=\"girit.kandiye\" alt=\"\" src=\"https:\/\/nihadsamibanarli.files.wordpress.com\/2021\/01\/2a761-girit.kandiye.en-guzel-resim.jpg\" width=\"618\" height=\"382\" \/><\/a><\/p>\n<p>Girid, s\u00e2hiden ecdat kan\u0131yle yo\u011frulmu\u015f bir T\u00fcrk adas\u0131yd\u0131. (H 1055) de tam elli be\u015f g\u00fcn s\u00fcren bir ku\u015fatma sonunda zaptedilen Hanya\u2019n\u0131n muhasaras\u0131nda bulunmu\u015f bir saz \u015f\u00e2iri, \u201ca\u015f\u0131k\u201d adan\u0131n bu ilk hik\u00e2yesini \u015fu m\u0131sr\u00e2larla anlat\u0131r:<\/p>\n<p>&nbsp;<\/p>\n<p><strong><em>G\u00e2z\u00eeler k\u0131l\u0131c\u0131n alur destine<\/em><\/strong><\/p>\n<p><strong><em>C\u00fcmlenin mur\u00e2d\u0131 k\u00fcff\u00e2r kasd\u0131na<\/em><\/strong><\/p>\n<p><strong><em>(Tam) Elli be\u015f g\u00fcnde Girit \u00fcst\u00fcne<\/em><\/strong><\/p>\n<p><strong><em>Ser verip ser ald\u0131 kul P\u00e2di\u015f\u00e2h\u0131m<\/em><\/strong><\/p>\n<p>&nbsp;<\/p>\n<p>Fakat Hanya\u2019dan sonra b\u00fct\u00fcn Girid\u2019in, bilhassa Kandiye\u2019nin zapt\u0131 bu sefer g\u00fcnlerce de\u011fil, y\u0131llarca s\u00fcrm\u00fc\u015f ve T\u00fcrk\u2019\u00fcn \u015ferefi, adan\u0131n her topra\u011f\u0131n\u0131 bayra\u011f\u0131n\u0131n rengiyle sulam\u0131\u015ft\u0131.<\/p>\n<p>***<\/p>\n<p>Nih\u00e2yet, Girid, 1669\u2019da K\u00f6pr\u00fcl\u00fcz\u00e2de F\u00e2z\u0131l Ahmed Pa\u015fa\u2019n\u0131n i\u015fe el atmas\u0131yla ve parlak bir zaferle al\u0131nd\u0131<\/p>\n<p>***<\/p>\n<p>Bizim Venediklilerden daha do\u011frusu bir ha\u00e7l\u0131 ordusundan ald\u0131\u011f\u0131m\u0131z Girid adas\u0131, bir g\u00fcn, yine Avrupa devletlerinin m\u00fc\u015fterek bir karariyle Yunanl\u0131lara hediye edildi. Girid\u2019de ondan evvel ve ondan sonra ada f\u00e2tihlerinin \u00e7ocuklar\u0131na yap\u0131lan zul\u00fcmler ise tam\u00e2miyle unutulmu\u015f ve t\u00e2rih olmu\u015f say\u0131labilir mi* T\u00fcrk\u2019\u00fcn b\u00fcy\u00fck, m\u00fc\u015ffik ve gufran dolu r\u00fbhu, ger\u00e7i \u00e7abuk affetti; ancak en as\u00eel milletlere verilmi\u015f il\u00e2h\u00ee bir rindlik duygusuyla, b\u00fcy\u00fck g\u00fcnahlar ba\u011f\u0131\u015fland\u0131. Fakat bug\u00fcnk\u00fc dostumuz olan d\u00fcnk\u00fc d\u00fc\u015fmanlar\u0131m\u0131z bu \u201cba\u011f\u0131\u015f\u201d\u0131n sonsuz ve hudutsuz olaca\u011f\u0131n\u0131 sanmak gafletine d\u00fc\u015fecekler mi?<\/p>\n<p>&nbsp;<\/p>\n<p>B\u00fcy\u00fck T\u00fcrkiye haritas\u0131n\u0131n, tam bir anavatan \u015fefkatiyle, m\u00e2sum bir yavru gibi kucaklad\u0131\u011f\u0131, anayurda \u00f6ylesine yak\u0131n K\u0131br\u0131s adas\u0131, art\u0131k hi\u00e7bir yabanc\u0131 kararla kimseye ba\u011f\u0131\u015flanacak de\u011fildir.<\/p>\n<p>***<\/p>\n<p>Fakat yine biz ki \u00e7a\u011fda\u015f medeniyet anlay\u0131\u015f\u0131, karde\u015f insanl\u0131k ve Birle\u015fmi\u015f Milletler ideali u\u011fruna t\u00e2.. \u015fu Kore berz\u00e2h\u0131nda, \u015fim\u015fekleri en az atom \u0131\u015f\u0131\u011f\u0131 kadar g\u00f6z kama\u015ft\u0131ran \u201cs\u00fcng\u00fc sava\u015flar\u0131\u201d yap\u0131yoruz.<\/p>\n<p>&nbsp;<\/p>\n<p>Dostlar\u0131m\u0131z vey\u00e2 d\u00fc\u015fmanlar\u0131m\u0131z, sevgili K\u0131br\u0131s T\u00fcrkleri\u2019nin bir \u201cYe\u015fil Ada\u201d s\u0131cakl\u0131\u011f\u0131yla b\u00fcr\u00fcnd\u00fckleri bu k\u0131ymetli atlas kuma\u015fa, onlar\u0131n cedleri taraf\u0131ndan al\u0131nd\u0131\u011f\u0131 zaman d\u00f6k\u00fclen renkten ba\u015fka bir bayrak rengi yara\u015fmayaca\u011f\u0131na artt\u0131k inanmal\u0131d\u0131rlar.<\/p>\n<p>\u00c7\u00fcnk\u00fc T\u00fcrk edebiyat\u0131, vatan topraklar\u0131 i\u00e7in \u201cmersiye\u201dden \u00e7ok \u201cdestan\u201d s\u00f6ylemeye al\u0131\u015fm\u0131\u015ft\u0131r.<\/p>\n<p>&nbsp;<\/p>\n<p>Nihad S\u00e2mi BANARLI, T\u00e2rih ve Tasavvuf Sohbetleri, 2. bask\u0131, sayfa : 110-113.<\/p>\n","protected":false},"excerpt":{"rendered":"<p>*** Girid, s\u00e2hiden ecdat kan\u0131yle yo\u011frulmu\u015f bir T\u00fcrk adas\u0131yd\u0131. (H 1055) de tam elli be\u015f g\u00fcn s\u00fcren bir ku\u015fatma sonunda<\/p>\n","protected":false},"author":1,"featured_media":626,"comment_status":"open","ping_status":"open","sticky":false,"template":"","format":"standard","meta":[],"categories":[11],"tags":[23,496,462],"_links":{"self":[{"href":"http:\/\/www.nihatsamibanarli.com\/index.php\/wp-json\/wp\/v2\/posts\/625"}],"collection":[{"href":"http:\/\/www.nihatsamibanarli.com\/index.php\/wp-json\/wp\/v2\/posts"}],"about":[{"href":"http:\/\/www.nihatsamibanarli.com\/index.php\/wp-json\/wp\/v2\/types\/post"}],"author":[{"embeddable":true,"href":"http:\/\/www.nihatsamibanarli.com\/index.php\/wp-json\/wp\/v2\/users\/1"}],"replies":[{"embeddable":true,"href":"http:\/\/www.nihatsamibanarli.com\/index.php\/wp-json\/wp\/v2\/comments?post=625"}],"version-history":[{"count":0,"href":"http:\/\/www.nihatsamibanarli.com\/index.php\/wp-json\/wp\/v2\/posts\/625\/revisions"}],"wp:featuredmedia":[{"embeddable":true,"href":"http:\/\/www.nihatsamibanarli.com\/index.php\/wp-json\/wp\/v2\/media\/626"}],"wp:attachment":[{"href":"http:\/\/www.nihatsamibanarli.com\/index.php\/wp-json\/wp\/v2\/media?parent=625"}],"wp:term":[{"taxonomy":"category","embeddable":true,"href":"http:\/\/www.nihatsamibanarli.com\/index.php\/wp-json\/wp\/v2\/categories?post=625"},{"taxonomy":"post_tag","embeddable":true,"href":"http:\/\/www.nihatsamibanarli.com\/index.php\/wp-json\/wp\/v2\/tags?post=625"}],"curies":[{"name":"wp","href":"https:\/\/api.w.org\/{rel}","templated":true}]}}