{"id":629,"date":"2012-09-20T19:26:36","date_gmt":"2012-09-20T19:26:36","guid":{"rendered":"http:\/\/www.nihadsamibanarli.com\/?p=629"},"modified":"2012-09-20T19:26:36","modified_gmt":"2012-09-20T19:26:36","slug":"guzel-evin-hikayesi","status":"publish","type":"post","link":"http:\/\/www.nihatsamibanarli.com\/index.php\/2012\/09\/20\/guzel-evin-hikayesi\/","title":{"rendered":"G\u00fczel evin hik\u00e2yesi"},"content":{"rendered":"<p>***<\/p>\n<p>Bu neticeye bundan 25-30 y\u0131l \u00f6nce varsayd\u0131k ev kelimesinin \u00f6z T\u00fcrk\u00e7e olmay\u0131\u015f\u0131 beni evsiz kalm\u0131\u015f\u0131m gibi \u00fczebilirdi. \u00c7\u00fcnk\u00fc o zaman ben de mektepten ve \u00e7evreden ald\u0131\u011f\u0131m terbiye \u00eec\u00e2b\u0131, a\u015f\u0131r\u0131 milliyet\u00e7iydim. Daha do\u011frusu milliyet\u00e7ili\u011fi yaln\u0131z biz bize olmakta, i\u00e7e kapanmakta san\u0131yordum. Ziya G\u00f6kalp&#8217;in;<\/p>\n<p><em>Aruz sizin olsun, Hece bizimdir<\/em><\/p>\n<p>deyi\u015findeki dar g\u00f6r\u00fc\u015f i\u00e7indeydim. \u0130lk verdi\u011fim edebiyat derslerinde talebeme edebiyat yerine \u201csav erdem\u201d dedi\u011fim olmu\u015ftu. Bir dilin b\u00fct\u00fcn kelimeleriyle \u201c\u00f6zdil\u201d olamayaca\u011f\u0131n\u0131 biliyor, ama yine de i\u00e7imin iste\u011fine kap\u0131l\u0131yordum. Bunda bir par\u00e7a da \u0130mparatorlu\u011fumuzun y\u0131k\u0131l\u0131\u015f\u0131 bize kendi \u00f6z milletimize ve \u00f6z vatan\u0131m\u0131za d\u00f6n\u00fc\u015f diye tan\u0131tan ve yaln\u0131z Anadolu topraklar\u0131na s\u0131\u011f\u0131nmam\u0131z\u0131 bir zafer gibi g\u00f6steren zihniyetin tes\u00eeri vard\u0131. Bu \u00f6zdil gibi acayip bir \u201c\u00f6z vatan\u201d anlay\u0131\u015f\u0131yd\u0131. \u0130yi ama Edirne \u00f6z vatand\u0131 da Sel\u00e2nik ve \u00dcsk\u00fcp neden de\u011fildi?<\/p>\n<p><em><strong><a href=\"https:\/\/nihadsamibanarli.files.wordpress.com\/2021\/01\/cb10b-skup.jpg\"><img loading=\"lazy\" class=\"alignright size-medium wp-image-850\" alt=\"\u00fcsk\u00fcp\" src=\"http:\/\/www.nihadsamibanarli.com\/wp-content\/uploads\/2012\/09\/\u00fcsk\u00fcp-300x225.jpg\" width=\"300\" height=\"225\" \/><\/a>\u00dcsk\u00fcp ki Y\u0131ld\u0131r\u0131m Beyaz\u0131d Han diyar\u0131d\u0131r<\/strong><\/em><\/p>\n<p><em><strong>Evl\u00e2d-\u0131 f\u00e2tih\u00e2ne onun yadig\u00e2r\u0131d\u0131r<\/strong><\/em><\/p>\n<p>diyen \u015f\u00e2ir yanl\u0131\u015f m\u0131 s\u00f6yl\u00fcyordu? \u00dcsk\u00fcp \u015fehrini hi\u00e7 yoktan v\u00e2r edenler biz T\u00fcrkler, bizim atalar\u0131m\u0131z de\u011fil miydi?<\/p>\n<p>Kars, Ardahan \u00f6z vatand\u0131 da Kerk\u00fck neden de\u011fildi? Bug\u00fcn h\u00e2l\u00e2 y\u00fczde doksan\u0131 T\u00fcrk olan 300.000 n\u00fcfuslu bu \u015fehir, Lozan onu hudutlar\u0131m\u0131z\u0131n d\u0131\u015f\u0131nda b\u0131rakt\u0131 diye art\u0131k vatan say\u0131lmayacak m\u0131yd\u0131?<\/p>\n<p>Ve y\u0131llar ilerledik\u00e7e anlad\u0131m ki bu i\u015flerde yaln\u0131z ilmin dedi\u011fi do\u011frudur. Kald\u0131 ki ilim benim dilim ve milliyetim ad\u0131na hem ger\u00e7ek hem de daha g\u00f6\u011f\u00fcs kabart\u0131c\u0131 iftiharlar s\u00f6yl\u00fcyordu.<\/p>\n<p>***<\/p>\n<p>Bizim dil konusunda yapaca\u011f\u0131m\u0131z i\u015f, kelime fethinden, hatta kelime ith\u00e2linden korkmamakt\u0131r. \u015eu \u015fartla ki onlara \u0130ngilizlerin, Frans\u0131zlar\u0131n bilhassa b\u00fcy\u00fck T\u00fcrk halk\u0131n\u0131n yapt\u0131\u011f\u0131 gibi derh\u00e2l mill\u00ee damgam\u0131z\u0131 vurabilelim! Onlar\u0131 T\u00fcrk\u00e7enin sesiyle ve kendi esteti\u011fimizle mill\u00eele\u015ftirelim. \u00c7\u00fcnk\u00fc Ortak Medeniyet&#8217;ler i\u00e7inde milletlerin en b\u00fcy\u00fck zaferi i\u015fte bunu yapmak, bunu yapabilmektir.<\/p>\n<p>Bizim dilimizi y\u0131k\u0131p mahvetmekle me\u015fgul ki\u015filer, bunu idrak edebilselerdi vey\u00e2 \u0130kinci D\u00fcnya Harbi y\u0131llar\u0131n\u0131n a\u015fa\u011f\u0131l\u0131k dil politikas\u0131 T\u00fcrk\u00e7eyi mahvetme\u011fe y\u00f6nelmeseydi, \u015fimdiye kadar hem T\u00fcrk dili hem de T\u00fcrk medeniyeti ne kadar y\u00fckselmi\u015f olacakt\u0131.<\/p>\n<p>&nbsp;<\/p>\n<p>Nihad S\u00e2mi BANARLI, T\u00fcrk\u00e7enin S\u0131rlar\u0131, 34. bask\u0131, sayfa : 83-85<\/p>\n","protected":false},"excerpt":{"rendered":"<p>*** Bu neticeye bundan 25-30 y\u0131l \u00f6nce varsayd\u0131k ev kelimesinin \u00f6z T\u00fcrk\u00e7e olmay\u0131\u015f\u0131 beni evsiz kalm\u0131\u015f\u0131m gibi \u00fczebilirdi. \u00c7\u00fcnk\u00fc o<\/p>\n","protected":false},"author":1,"featured_media":850,"comment_status":"open","ping_status":"open","sticky":false,"template":"","format":"standard","meta":[],"categories":[12],"tags":[74,388,134,876],"_links":{"self":[{"href":"http:\/\/www.nihatsamibanarli.com\/index.php\/wp-json\/wp\/v2\/posts\/629"}],"collection":[{"href":"http:\/\/www.nihatsamibanarli.com\/index.php\/wp-json\/wp\/v2\/posts"}],"about":[{"href":"http:\/\/www.nihatsamibanarli.com\/index.php\/wp-json\/wp\/v2\/types\/post"}],"author":[{"embeddable":true,"href":"http:\/\/www.nihatsamibanarli.com\/index.php\/wp-json\/wp\/v2\/users\/1"}],"replies":[{"embeddable":true,"href":"http:\/\/www.nihatsamibanarli.com\/index.php\/wp-json\/wp\/v2\/comments?post=629"}],"version-history":[{"count":0,"href":"http:\/\/www.nihatsamibanarli.com\/index.php\/wp-json\/wp\/v2\/posts\/629\/revisions"}],"wp:featuredmedia":[{"embeddable":true,"href":"http:\/\/www.nihatsamibanarli.com\/index.php\/wp-json\/wp\/v2\/media\/850"}],"wp:attachment":[{"href":"http:\/\/www.nihatsamibanarli.com\/index.php\/wp-json\/wp\/v2\/media?parent=629"}],"wp:term":[{"taxonomy":"category","embeddable":true,"href":"http:\/\/www.nihatsamibanarli.com\/index.php\/wp-json\/wp\/v2\/categories?post=629"},{"taxonomy":"post_tag","embeddable":true,"href":"http:\/\/www.nihatsamibanarli.com\/index.php\/wp-json\/wp\/v2\/tags?post=629"}],"curies":[{"name":"wp","href":"https:\/\/api.w.org\/{rel}","templated":true}]}}