{"id":632,"date":"2012-09-22T18:37:41","date_gmt":"2012-09-22T18:37:41","guid":{"rendered":"http:\/\/www.nihadsamibanarli.com\/?p=632"},"modified":"2012-09-22T18:37:41","modified_gmt":"2012-09-22T18:37:41","slug":"romantizm-ve-anarsizm","status":"publish","type":"post","link":"http:\/\/www.nihatsamibanarli.com\/index.php\/2012\/09\/22\/romantizm-ve-anarsizm\/","title":{"rendered":"Romantizm ve Anar\u015fizm"},"content":{"rendered":"<p>Asl\u0131nda b\u00fcy\u00fck bir kitap olacak bir mevz\u00fbu, her t\u00fcrl\u00fc mis\u00e2l ve isbat \u00e7izgilerinden fer\u00e2gat edip bir mak\u00e2le \u00e7er\u00e7evesine s\u0131\u011fd\u0131rmaya \u00e7al\u0131\u015fmam\u0131z \u015funun i\u00e7indir ki T\u00fcrkiye\u2019de i\u00e7tim\u00e2\u00ee romantizm, y\u00e2ni millet\u00e7e bir g\u00fcvensizlik az\u00e2b\u0131na d\u00fc\u015f\u00fclmesi, tekrar 1908 ihtil\u00e2linden sonra g\u00f6r\u00fcl\u00fcr. \u00c7\u00fcnk\u00fc 1908 ihtil\u00e2lini yapanlar \u00f6nce Balkan Sava\u015f\u0131\u2019n\u0131 kaybederek, milletimize, hem mill\u00ee t\u00e2rihimizin en utan\u0131lan m\u00e2\u011fl\u00fbbiyetini tatt\u0131rm\u0131\u015f hem de yurdu diktat\u00f6rl\u00fckle id\u00e2reye y\u00f6nelerek, yaln\u0131z halk\u0131m\u0131z\u0131 de\u011fil, ayd\u0131nlar\u0131m\u0131z\u0131 da b\u00fcy\u00fck bir hayal k\u0131r\u0131kl\u0131\u011f\u0131na u\u011fratm\u0131\u015flard\u0131r. Bu harpteki can kayb\u0131m\u0131z ve bunun kaybedili\u015f \u015fekli ise burada, ac\u0131dan, s\u00f6ylenemeyecek \u00f6l\u00e7\u00fcde vahim bir \u00f6l\u00e7\u00fcdedir. Ayn\u0131 iktidar bunun arkas\u0131ndan yurdu Birinci Cihan Harbi\u2019ne s\u00fcr\u00fckleyerek, milletimizin \u00fclkeler dolusu vatan ve o \u00f6l\u00e7\u00fcde can kaybettirip milletin g\u00fcvensizli\u011fini per\u00e7inlemi\u015ftir.<\/p>\n<p><a href=\"http:\/\/www.nihadsamibanarli.com\/wp-content\/uploads\/2012\/09\/kuvva2.gif\"><img loading=\"lazy\" class=\"alignright size-medium wp-image-635\" title=\"kuvva\" alt=\"\" src=\"http:\/\/www.nihadsamibanarli.com\/wp-content\/uploads\/2012\/09\/kuvva2-300x243.gif\" width=\"300\" height=\"243\" \/><\/a><\/p>\n<p>Bu y\u00fczden milletimiz, \u0130stikl\u00e2l Harbinde Mustafa Kemal Pa\u015fa\u2019n\u0131n liderli\u011fini yapt\u0131\u011f\u0131 Kuv\u00e2y\u0131 Milliye r\u00fbhuna kavu\u015funcaya kadar tam bir i\u00e7tim\u00e2\u00ee romantizm i\u00e7inde kavrulmu\u015ftur. \u00d6nce \u00c7anakkale, sonra \u0130stikl\u00e2l Harbi zaferlerinin b\u00fcy\u00fck g\u00fcven sa\u011flayan ve yurda kalk\u0131nma \u015fevki veren m\u00fb\u2019cizev\u00ee kudreti ise Atat\u00fcrk\u2019\u00fcn \u00f6l\u00fcm\u00fcnden sonra kendini g\u00f6sterme imk\u00e2n\u0131 bulamam\u0131\u015ft\u0131r.<\/p>\n<p>&nbsp;<\/p>\n<p>Bug\u00fcn, milletimiz,\u00a0 \u00e7e\u015fitli b\u00f6l\u00fcn\u00fc\u015fler i\u00e7inde muzdariptir. Bunlar, mill\u00ee b\u00f6l\u00fcn\u00fc\u015fler, din\u00ee b\u00f6l\u00fcn\u00fc\u015fler, siy\u00e2s\u00ee ve ideolojik b\u00f6l\u00fcn\u00fc\u015fler manzaras\u0131ndad\u0131r.<\/p>\n<p>***<\/p>\n<p>Di\u011fer taraftan daha d\u00fcn, siy\u00e2s\u00ee partilerin say\u0131s\u0131 normal say\u0131labilecek \u00f6l\u00e7\u00fcdeyken bug\u00fcn ayn\u0131 partiler milletimize ancak bir b\u00f6l\u00fcnme \u00f6rne\u011fi vermi\u015flerdir. Bu b\u00f6l\u00fcnmelerin sebepleri ise yine milletimize g\u00fcven verici sebepler olamam\u0131\u015ft\u0131r. Memleketimizde mevcut b\u00f6l\u00fcnmelerin yerini daha cidd\u00ee bir anar\u015fizm almas\u0131n istiyorsak, milletimize mutlaka g\u00fcven verecek bir b\u00fct\u00fcnl\u00fc\u011fe y\u00fcr\u00fcmeliyiz. Bizim bug\u00fcn muht\u00e2c\u0131 oldu\u011fumuz tek romantizm ise, bamba\u015fka bir romantizm, y\u00e2ni bir mill\u00ee romantizmdir.<\/p>\n<p>&nbsp;<\/p>\n<p>Nihad S\u00e2mi BANARLI, Devlet ve Devlet Terbiyesi, 2. bask\u0131, sayfa : 227-228<\/p>\n<p>(Meydan Mecmuas\u0131, 10.04.1973)<\/p>\n","protected":false},"excerpt":{"rendered":"<p>Asl\u0131nda b\u00fcy\u00fck bir kitap olacak bir mevz\u00fbu, her t\u00fcrl\u00fc mis\u00e2l ve isbat \u00e7izgilerinden fer\u00e2gat edip bir mak\u00e2le \u00e7er\u00e7evesine s\u0131\u011fd\u0131rmaya \u00e7al\u0131\u015fmam\u0131z<\/p>\n","protected":false},"author":1,"featured_media":0,"comment_status":"open","ping_status":"open","sticky":false,"template":"","format":"standard","meta":[],"categories":[2],"tags":[903,495,565],"_links":{"self":[{"href":"http:\/\/www.nihatsamibanarli.com\/index.php\/wp-json\/wp\/v2\/posts\/632"}],"collection":[{"href":"http:\/\/www.nihatsamibanarli.com\/index.php\/wp-json\/wp\/v2\/posts"}],"about":[{"href":"http:\/\/www.nihatsamibanarli.com\/index.php\/wp-json\/wp\/v2\/types\/post"}],"author":[{"embeddable":true,"href":"http:\/\/www.nihatsamibanarli.com\/index.php\/wp-json\/wp\/v2\/users\/1"}],"replies":[{"embeddable":true,"href":"http:\/\/www.nihatsamibanarli.com\/index.php\/wp-json\/wp\/v2\/comments?post=632"}],"version-history":[{"count":0,"href":"http:\/\/www.nihatsamibanarli.com\/index.php\/wp-json\/wp\/v2\/posts\/632\/revisions"}],"wp:attachment":[{"href":"http:\/\/www.nihatsamibanarli.com\/index.php\/wp-json\/wp\/v2\/media?parent=632"}],"wp:term":[{"taxonomy":"category","embeddable":true,"href":"http:\/\/www.nihatsamibanarli.com\/index.php\/wp-json\/wp\/v2\/categories?post=632"},{"taxonomy":"post_tag","embeddable":true,"href":"http:\/\/www.nihatsamibanarli.com\/index.php\/wp-json\/wp\/v2\/tags?post=632"}],"curies":[{"name":"wp","href":"https:\/\/api.w.org\/{rel}","templated":true}]}}