{"id":826,"date":"2014-02-22T19:07:19","date_gmt":"2014-02-22T19:07:19","guid":{"rendered":"http:\/\/www.nihadsamibanarli.com\/?p=826"},"modified":"2014-02-22T19:07:19","modified_gmt":"2014-02-22T19:07:19","slug":"kaybolan-sehir","status":"publish","type":"post","link":"http:\/\/www.nihatsamibanarli.com\/index.php\/2014\/02\/22\/kaybolan-sehir\/","title":{"rendered":"Kaybolan \u015eehir"},"content":{"rendered":"<p>Bir \u015fehrin m\u00eem\u00e2r\u00eesi, \u015funun bunun keyfine g\u00f6re v\u00fcc\u00fbd bulamaz. Bu, derin bir vukuf meselesidir. Mill\u00ee miz\u00e2c\u0131n, \u015fehir manzaras\u0131na nas\u0131l i\u015flendi\u011fini yak\u0131ndan bilme meselesidir. \u015eu sat\u0131rlar\u0131 Yahy\u00e2 Kemal\u2019den al\u0131yorum :<\/p>\n<p><a href=\"http:\/\/www.nihadsamibanarli.com\/wp-content\/uploads\/2014\/02\/Istanbul_siluet.jpg\"><img loading=\"lazy\" class=\"alignright size-medium wp-image-833\" alt=\"Istanbul_siluet\" src=\"http:\/\/www.nihadsamibanarli.com\/wp-content\/uploads\/2014\/02\/Istanbul_siluet-300x137.jpg\" width=\"300\" height=\"137\" \/><\/a>\u201cM\u00eem\u00e2r\u00eeyi yaln\u0131z m\u00eem\u00e2r\u00ee ve hendese nokta-i nazar\u0131ndan ihy\u00e2 etmek bir hat\u00e2d\u0131r. \u00c7\u00fcnk\u00fc m\u00eem\u00e2r\u00eeye zam\u00e2n\u0131n giydirdi\u011fi bir kisve vard\u0131r. \u0130\u015fte o mill\u00ee peyzaj\u2019d\u0131r. Buna bir mis\u00e2l Bayezid C\u00e2mii\u2019dir. Bayezid C\u00e2mii\u2019nin \u00f6n\u00fcnde kahveler, arkas\u0131nda Sahaflar \u00c7ar\u015f\u0131s\u0131 vard\u0131r. Bilhassa Sahaflar \u00c7ar\u015f\u0131s\u0131\u2019n\u0131 ele alal\u0131m. Bu manzara hi\u00e7 bir dekorcunun \u00eec\u00e2d edemiyece\u011fi kadar g\u00fczeldir. \u00dcstelik, m\u00e2ziyi, g\u00f6z \u00f6n\u00fcnde canl\u0131 bir ves\u00eeka gibi bulundurur. \u00c7ok cezr\u00ee d\u00fc\u015f\u00fcnen bir belediyeci, fec\u00ee\u2018 bir ihtimal olarak Bayezid C\u00e2mii\u2019ni yaln\u0131z m\u00eem\u00e2r\u00ee eseri olarak ortaya \u00e7\u0131karmak istese ve Sahaflar \u00c7ar\u015f\u0131s\u0131\u2019n\u0131 kald\u0131rsa, ne kadar fen\u00e2 olur. Demek ki zam\u00e2n\u0131n bir de kendi m\u00eem\u00e2r\u00eesi vard\u0131r. Etraf her zaman t\u00fbfeyl\u00ee de\u011fildir.\u201c<\/p>\n<p>B\u00f6ylelikle servet, mill\u00ee \u00e7izgiyi ne kadar harc\u0131yorsa, fakr-u zar\u00fbret o kadar muhafaza ediyor. Anla\u015f\u0131l\u0131yor ki b\u00fct\u00fcn T\u00fcrk sanatkarlar\u0131 gibi, T\u00fcrk m\u00eemarlar\u0131 da \u00f6nce T\u00fcrk halk\u0131ndan bir tev\u00e2zu r\u00fbhu ve bir vatan \u00e7izgisi dersi \u00f6\u011frenmelidir.<\/p>\n<p>Nihad S\u00e2mi BANARLI, \u0130stanbul\u2019a d\u00e2ir, 1986, S:22-23.<\/p>\n","protected":false},"excerpt":{"rendered":"<p>Bir \u015fehrin m\u00eem\u00e2r\u00eesi, \u015funun bunun keyfine g\u00f6re v\u00fcc\u00fbd bulamaz. Bu, derin bir vukuf meselesidir. Mill\u00ee miz\u00e2c\u0131n, \u015fehir manzaras\u0131na nas\u0131l i\u015flendi\u011fini<\/p>\n","protected":false},"author":1,"featured_media":833,"comment_status":"open","ping_status":"open","sticky":false,"template":"","format":"standard","meta":[],"categories":[16,10],"tags":[142,548],"_links":{"self":[{"href":"http:\/\/www.nihatsamibanarli.com\/index.php\/wp-json\/wp\/v2\/posts\/826"}],"collection":[{"href":"http:\/\/www.nihatsamibanarli.com\/index.php\/wp-json\/wp\/v2\/posts"}],"about":[{"href":"http:\/\/www.nihatsamibanarli.com\/index.php\/wp-json\/wp\/v2\/types\/post"}],"author":[{"embeddable":true,"href":"http:\/\/www.nihatsamibanarli.com\/index.php\/wp-json\/wp\/v2\/users\/1"}],"replies":[{"embeddable":true,"href":"http:\/\/www.nihatsamibanarli.com\/index.php\/wp-json\/wp\/v2\/comments?post=826"}],"version-history":[{"count":0,"href":"http:\/\/www.nihatsamibanarli.com\/index.php\/wp-json\/wp\/v2\/posts\/826\/revisions"}],"wp:featuredmedia":[{"embeddable":true,"href":"http:\/\/www.nihatsamibanarli.com\/index.php\/wp-json\/wp\/v2\/media\/833"}],"wp:attachment":[{"href":"http:\/\/www.nihatsamibanarli.com\/index.php\/wp-json\/wp\/v2\/media?parent=826"}],"wp:term":[{"taxonomy":"category","embeddable":true,"href":"http:\/\/www.nihatsamibanarli.com\/index.php\/wp-json\/wp\/v2\/categories?post=826"},{"taxonomy":"post_tag","embeddable":true,"href":"http:\/\/www.nihatsamibanarli.com\/index.php\/wp-json\/wp\/v2\/tags?post=826"}],"curies":[{"name":"wp","href":"https:\/\/api.w.org\/{rel}","templated":true}]}}