{"id":882,"date":"2014-03-02T13:54:39","date_gmt":"2014-03-02T13:54:39","guid":{"rendered":"http:\/\/www.nihadsamibanarli.com\/?p=882"},"modified":"2014-03-02T13:54:39","modified_gmt":"2014-03-02T13:54:39","slug":"882","status":"publish","type":"post","link":"http:\/\/www.nihatsamibanarli.com\/index.php\/2014\/03\/02\/882\/","title":{"rendered":"KIBRIS \u015eEH\u0130DLER\u0130"},"content":{"rendered":"<p style=\"text-align: left;\" align=\"center\">\u00c7\u00fcnk\u00fc vaktiyle biz K\u0131br\u0131s\u2019\u0131, o kadarc\u0131k bir vatan par\u00e7as\u0131 i\u00e7in t\u00e2rihimizde g\u00f6r\u00fclmemi\u015f derecede \u00e7ok \u015feh\u00eed vererek fethederken de yine b\u00f6yle bir vak\u2019a olmu\u015f, eski bir kahram\u00e2n\u0131m\u0131z, Magosa \u015fehrini, elinde silah yerine bayrak ta\u015f\u0131yarak fethetmi\u015f ve onda elindeki bayra\u011f\u0131 bir kere de kendi kan\u0131yla boyam\u0131\u015ft\u0131.<\/p>\n<p>H\u00e2dise \u015fuydu:<\/p>\n<p>Magosa m\u00fcd\u00e2f\u00eeleri, T\u00fcrklere kar\u015f\u0131 z\u00e2lim bir m\u00fcd\u00e2faa silah\u0131 kullan\u0131yorlard\u0131. Bu sert ve katil silah\u0131n ad\u0131 \u201c\u00f6l\u00fcm \u00e7ark\u0131\u201dyd\u0131: hisar\u0131n d\u0131\u015f duvarlar\u0131nda, kale kap\u0131lar\u0131ndan birini, b\u00e2zan bir ba\u015fkas\u0131n\u0131, unutulmu\u015f gibi, a\u00e7\u0131k tutuyorlar, fakat kap\u0131n\u0131n arkas\u0131nda iri bir \u00e7ark bulunduruyorlard\u0131. Bu \u00e7ark \u015feklindeki m\u00fcthi\u015f giyotin her d\u00f6n\u00fc\u015f\u00fcnde, kap\u0131dan girenlerin ba\u015flar\u0131n\u0131 kopar\u0131yor, bedenlerini par\u00e7al\u0131yordu.<\/p>\n<p>Bir g\u00fcn bu \u201c\u00f6l\u00fcm \u00e7ark\u0131\u201d \u00f6n\u00fcnde, arkada\u015flar\u0131n\u0131n hile ile par\u00e7alanmas\u0131na raz\u0131 olmayan bir kahraman belirdi. \u201cBen bu kap\u0131dan girece\u011fim!\u201d diye hayk\u0131rd\u0131. Ad\u0131, Canbulat\u2019d\u0131, Anadolu\u2019dan gelmi\u015fti. Kilis kuvvetleri beylerindendi.<\/p>\n<p>Canbulat Bey, evvelkilerin yapt\u0131\u011f\u0131 gibi, v\u00fccudunu a\u011f\u0131r ve kal\u0131n z\u0131rhlarla \u00f6rtmedi; \u00e7ark\u0131n di\u015flerine kat\u0131 m\u0131zra\u011f\u0131n\u0131 ve m\u00fcthi\u015f kalkan\u0131n\u0131 da siper etmedi. Eline s\u00e2dece T\u00fcrk bayra\u011f\u0131n\u0131 ald\u0131. Kendisini, kendi gibi yal\u0131n v\u00fccud ve yal\u0131n k\u0131l\u0131\u00e7 takip eden birka\u00e7 kahramanla birlikte bu kap\u0131ya do\u011fru heybetle y\u00fcr\u00fcd\u00fc.<\/p>\n<p>Venedikliler \u015fa\u015f\u0131rd\u0131lar.<\/p>\n<p><i>Ger\u00e7i \u00e7ark yine d\u00f6nd\u00fc. Canbulat Bey\u2019in erkek ba\u015f\u0131 topra\u011fa d\u00fc\u015ft\u00fc; fakat o anda beklenmedik bir h\u00e2dise oldu: Canbulat Bey y\u0131k\u0131lmad\u0131. Yere d\u00fc\u015fen ba\u015f\u0131na ald\u0131rmad\u0131; elinde T\u00fcrk bayra\u011f\u0131yle ve ba\u015fs\u0131z v\u00fccuduyla, dimdik y\u00fcr\u00fcd\u00fc. Venedikliler deh\u015fetle geri \u00e7ekildiler. Bir an i\u00e7in \u00e7ark\u0131 \u00e7eviremez oldular. \u00c7ark\u0131n durmas\u0131yla da kale i\u00e7ine \u201cAllah Allah!\u201d seslerinin dolmas\u0131 bir oldu: Magosa duvarlar\u0131ndan biri a\u015f\u0131lm\u0131\u015f, bedene T\u00fcrk bayra\u011f\u0131 dikilmi\u015fti.<\/i><\/p>\n<p><i><a href=\"http:\/\/www.nihadsamibanarli.com\/wp-content\/uploads\/2014\/03\/k\u0131bris_sehidleri.jpg\"><img loading=\"lazy\" class=\"alignright size-full wp-image-883\" alt=\"k\u0131bris_sehidleri\" src=\"http:\/\/www.nihadsamibanarli.com\/wp-content\/uploads\/2014\/03\/k\u0131bris_sehidleri.jpg\" width=\"960\" height=\"683\" \/><\/a>*<\/i><\/p>\n<p>Bu bir hakikat m\u0131yd\u0131? Yoksa Pe\u00e7ev\u00ee t\u00e2rihinde yaz\u0131l\u0131, eski bir destan m\u0131 t\u00e2zelenmi\u015fti?<i> Hani K\u0131br\u0131s fethinden 17 sene evvel, Zigetvar \u00e7evresindeki Grijgal palangas\u0131n\u0131 d\u00fc\u015fmana vermek istemeyen T\u00fcrk kuvvetlerinin bir hur\u00fbc hareketi olmu\u015ftu. Deli Mehmed isimli T\u00fcrk kahraman\u0131 \u015feh\u00eed d\u00fc\u015f\u00fcnce, ba\u015f\u0131n\u0131 kopar\u0131p g\u00f6t\u00fcrmek isteyen d\u00fc\u015fman \u015f\u00f6valyesinin ard\u0131ndan ba\u015fs\u0131z v\u00fccuduyla ko\u015fmu\u015f, onu yere sermi\u015f ve d\u00fc\u015fmana ba\u015f\u0131n\u0131 vermemi\u015fti.<\/i><\/p>\n<p>\u015eimdi, \u00d6mer Seyfettin\u2019in \u201cBa\u015f\u0131n\u0131 vermeyen \u015feh\u00eed\u201d hik\u00e2yesine mevzu olan b\u00f6yle bir destan m\u0131 canlan\u0131yordu? Yoksa Cabulat\u2019\u0131n ard\u0131ndan i\u00e7eri girenler, sava\u015f heyec\u00e2n\u0131 aras\u0131nda b\u00f6yle bir hayal mi g\u00f6rm\u00fc\u015flerdi?<\/p>\n<p>*<\/p>\n<p>Oras\u0131 bilinmedi, fakat Canbulat Bey\u2019in anl\u0131 \u015fanl\u0131 \u015feh\u00eedli\u011fi, Magosa m\u00fcd\u00e2f\u00eelerini y\u0131ld\u0131rd\u0131; harbin sonunu getirdi. Di\u011fer taraftan Canbulat adl\u0131 kahraman, K\u0131br\u0131s topraklar\u0131na s\u00e2dece \u201cBey\u201d r\u00fctbesiyle g\u00f6m\u00fcld\u00fc\u011f\u00fc halde vef\u00e2l\u0131 K\u0131br\u0131s T\u00fcrklerinin h\u00e2t\u0131ras\u0131nda \u201cCanbulat Pa\u015fa\u201d \u00fcnv\u00e2n\u0131yla ya\u015fad\u0131.<\/p>\n<p>Nihad S\u00e2mi BANARLI, T\u00e2rih ve Tasavvuf Sonbetleri, 2. Bask\u0131 , s: 115-116.<\/p>\n","protected":false},"excerpt":{"rendered":"<p>\u00c7\u00fcnk\u00fc vaktiyle biz K\u0131br\u0131s\u2019\u0131, o kadarc\u0131k bir vatan par\u00e7as\u0131 i\u00e7in t\u00e2rihimizde g\u00f6r\u00fclmemi\u015f derecede \u00e7ok \u015feh\u00eed vererek fethederken de yine b\u00f6yle<\/p>\n","protected":false},"author":1,"featured_media":883,"comment_status":"open","ping_status":"open","sticky":false,"template":"","format":"standard","meta":[],"categories":[10,11],"tags":[241,497,509,598],"_links":{"self":[{"href":"http:\/\/www.nihatsamibanarli.com\/index.php\/wp-json\/wp\/v2\/posts\/882"}],"collection":[{"href":"http:\/\/www.nihatsamibanarli.com\/index.php\/wp-json\/wp\/v2\/posts"}],"about":[{"href":"http:\/\/www.nihatsamibanarli.com\/index.php\/wp-json\/wp\/v2\/types\/post"}],"author":[{"embeddable":true,"href":"http:\/\/www.nihatsamibanarli.com\/index.php\/wp-json\/wp\/v2\/users\/1"}],"replies":[{"embeddable":true,"href":"http:\/\/www.nihatsamibanarli.com\/index.php\/wp-json\/wp\/v2\/comments?post=882"}],"version-history":[{"count":0,"href":"http:\/\/www.nihatsamibanarli.com\/index.php\/wp-json\/wp\/v2\/posts\/882\/revisions"}],"wp:featuredmedia":[{"embeddable":true,"href":"http:\/\/www.nihatsamibanarli.com\/index.php\/wp-json\/wp\/v2\/media\/883"}],"wp:attachment":[{"href":"http:\/\/www.nihatsamibanarli.com\/index.php\/wp-json\/wp\/v2\/media?parent=882"}],"wp:term":[{"taxonomy":"category","embeddable":true,"href":"http:\/\/www.nihatsamibanarli.com\/index.php\/wp-json\/wp\/v2\/categories?post=882"},{"taxonomy":"post_tag","embeddable":true,"href":"http:\/\/www.nihatsamibanarli.com\/index.php\/wp-json\/wp\/v2\/tags?post=882"}],"curies":[{"name":"wp","href":"https:\/\/api.w.org\/{rel}","templated":true}]}}