{"id":898,"date":"2014-07-20T13:34:16","date_gmt":"2014-07-20T13:34:16","guid":{"rendered":"http:\/\/www.nihadsamibanarli.com\/?p=898"},"modified":"2014-07-20T13:34:16","modified_gmt":"2014-07-20T13:34:16","slug":"uzgun-dusunceler","status":"publish","type":"post","link":"http:\/\/www.nihatsamibanarli.com\/index.php\/2014\/07\/20\/uzgun-dusunceler\/","title":{"rendered":"\u00dcZG\u00dcN D\u00dc\u015e\u00dcNCELER"},"content":{"rendered":"<p>Irak T\u00fcrklerinin ya\u015fad\u0131klar\u0131 korkulu g\u00fcnler ve duyduklar\u0131 \u0131zd\u0131rap, g\u00fcn\u00fcn endi\u015feleri aras\u0131ndad\u0131r.<\/p>\n<p>As\u0131rlardan beri kaybetti\u011fimiz her \u00fclkede b\u00fcy\u00fck ve f\u00e2tih bir milletin \u00e7ocuklar\u0131 hep b\u00f6yle ac\u0131 duydu, \u00e7ile doldurdu. Onlar\u0131n m\u00fchim bir k\u0131sm\u0131n\u0131 m\u00e2nev\u00ee kuvvetlerle olsun besleyip teselli edemedik.<\/p>\n<p>Biz, gerek dilde, gerek t\u00e2rih ve vatan anlay\u0131\u015f\u0131nda her t\u00fcrl\u00fc mill\u00ee heybet ruhundan vazge\u00e7ip dar ve \u00e7elimsiz bir yola sapal\u0131 beri kaybetti\u011fimiz topraklar\u0131n da \u00e2deta yabanc\u0131s\u0131 olduk .<\/p>\n<p align=\"center\"><b><i>\u00a0<\/i><\/b><\/p>\n<p align=\"center\"><b><i>Balkan \u015fehirlerinde ge\u00e7erken \u00e7ocuklu\u011fum<\/i><\/b><\/p>\n<p align=\"center\"><b><i>Her l\u00e2hza bir \u00e2lev gibi hasretti duydu\u011fum<\/i><\/b><\/p>\n<p><i>\u00a0<\/i><\/p>\n<p>m\u0131sr\u00e2lar\u0131n\u0131 s\u00f6yleyen \u015f\u00e2irin bu s\u00f6yleyi\u015fini bir vatan hasreti sanan \u00e7ocuklar\u0131m\u0131z, o \u015fehirlerin o y\u0131llarda Bursa gibi \u0130stanbul gibi bizim oldu\u011funu art\u0131k g\u00fc\u00e7 hat\u0131rl\u0131yorlar.<\/p>\n<p>&nbsp;<\/p>\n<p>Halbuki \u0130stanbul\u2019un sanki bir Bulgar \u015fehriymi\u015f gibi, o devletin hudutlar\u0131 i\u00e7inde g\u00f6sterildi\u011fini bir Bulgar haritas\u0131nda g\u00f6zlerimle g\u00f6rm\u00fc\u015ft\u00fcm. Mill\u00ee mar\u015flar\u0131nda \u0130stanbul\u2019a dikilmi\u015f g\u00f6zlere seslenen Balkan Milletleri bulundu\u011funu, hi\u00e7 olmazsa bilmemiz \u00eec\u00e2b eder.<\/p>\n<p>&nbsp;<\/p>\n<p>*<\/p>\n<p>Kaybedilmi\u015f topraklar\u0131m\u0131zda mevsimsiz emellerimiz olsun demek istemiyorum.<\/p>\n<p>Ancak bizim bir zamanlar d\u00fcnyaya h\u00e2kim bir devlet ve medeniyet kurmu\u015f b\u00fcy\u00fck ve heybetli millet oldu\u011fumuzu \u00e7ocuklar\u0131m\u0131z unutmamal\u0131d\u0131r.<\/p>\n<p>Bu hak\u00eekat, T\u00fcrk \u00e7ocu\u011funun her zaman i\u00e7in b\u00fcy\u00fckl\u00fck cevheri ruhunda, hi\u00e7 olmazsa, bir h\u00e2t\u0131ra g\u00fczelli\u011fiyle ya\u015famal\u0131d\u0131r. B\u00f6yle h\u00e2t\u0131ralar\u0131n vatan \u00e7ocuklar\u0131nda nas\u0131l bir \u00fcst\u00fcnl\u00fck ve yukar\u0131l\u0131k duygusu yarataca\u011f\u0131n\u0131, onlardan nas\u0131l bir ufuk sevgisi, bir ya\u015fama ve yaratma enerjisi uyand\u0131raca\u011f\u0131n\u0131 d\u00fc\u015f\u00fcnmemiz yerinde olur.<\/p>\n<p>*<\/p>\n<p>Irak\u2019\u0131 kaybettikten sonra Kerbel\u00e2\u2019da \u00e2deta tek ba\u015f\u0131na T\u00fcrk kalan Fuz\u00fbl\u00ee\u2019nin g\u00f6zle g\u00f6r\u00fcl\u00fcr \u0131zd\u0131r\u00e2b\u0131na b\u00fcy\u00fck vatan \u015f\u00e2iri S\u00fcleyman Nazif, bir zaman, g\u00f6zya\u015flar\u0131ndan \u00f6r\u00fclm\u00fc\u015f m\u0131sr\u00e2lar h\u00e2linde s\u00f6ylemi\u015fti.<\/p>\n<p>Bug\u00fcn de \u00f6yledir.<\/p>\n<p>Mustarip insan yaln\u0131zl\u0131\u011f\u0131n\u0131:<\/p>\n<p align=\"center\"><b><i>ne yanar kimse ban\u00e2 \u00e2te\u015f-i dilden \u00f6zge<\/i><\/b><\/p>\n<p align=\"center\"><b><i>ne a\u00e7ar kimse kap\u0131m b\u00e2d-\u0131 sab\u00e2\u2019dan gayr\u0131<\/i><\/b><\/p>\n<p>gibi \u015fiirin \u00fcst\u00fcne y\u00fccelmi\u015f m\u0131sr\u00e2larla s\u00f6yleyen Fuz\u00fbl\u00ee, \u00f6l\u00fcm\u00fcnden d\u00f6rt as\u0131r sonra bir mezar, bir t\u00fcrbe olarak b\u00f6yle madd\u00ee, m\u00e2nev\u00ee bir yaln\u0131zl\u0131k i\u00e7inde mi kalacakt\u0131?<\/p>\n<p>*<\/p>\n<p>Bir zamanlar T\u00fcrkiye\u2019de kav-i nec\u00eeb-i Arap diye bir s\u00f6z dola\u015f\u0131rd\u0131. G\u00e2liba n\u00e2zik ve M\u00fcsl\u00fcman T\u00fcrkler Hz. Muhammed\u2019in ilk \u00fcmmetine b\u00f6yle bir sayg\u0131 g\u00f6stermeyi g\u00fczel buluyorlard\u0131.<\/p>\n<p>Yaln\u0131z, do\u011fu\u015ftan T\u00fcrk\u00e7\u00fc, \u00e2deta \u0131rk\u00e7\u0131 bir ruh ta\u015f\u0131yan babam, tam bir M\u00fcsl\u00fcman oldu\u011fu halde, bu iltif\u00e2ta sinirlenir; \u201cneden imtiyazl\u0131 oluyorlarm\u0131\u015f? Hz. Muhammed bile asl\u0131nda Arap de\u011fildi.\u201d diye \u00f6fkelenirdi.<\/p>\n<p>\u00c7ocuklu\u011fumda bu \u00f6fkenin o kadar iyi anlayamad\u0131\u011f\u0131m m\u00e2n\u00e2s\u0131n\u0131 \u015fimdi elemle anl\u0131yorum:<\/p>\n<p>Biz ki Muhammed Peygambere: \u201cBir ordum vard\u0131 ki ad\u0131n\u0131 T\u00fcrk koydum\u201d dedirtecek kadar, M\u00fcsl\u00fcmanl\u0131\u011f\u0131n yenilmez ordusu olaca\u011f\u0131m\u0131z\u0131 ilh\u00e2m etmi\u015ftik. O Muhammed Peygamber ki Araplara: \u201cT\u00fcrk dilini \u00f6\u011freniniz. \u00c7\u00fcnk\u00fc T\u00fcrklerin b\u00fcy\u00fck istikb\u00e2li olacakt\u0131r.\u201d diye bizim \u0130sl\u00e2m toplulu\u011fundaki mevk\u00eemizi evvelden haber vermi\u015fti.<\/p>\n<p>Bir Arap d\u00eeni h\u00e2linde ba\u015flayan M\u00fcsl\u00fcmanl\u0131\u011f\u0131 as\u0131rlarca en \u015fiddetli ha\u00e7l\u0131 ordular\u0131na kar\u015f\u0131 biz korumu\u015f, onlarla arslanlar gibi, biz d\u00f6\u011f\u00fc\u015fm\u00fc\u015ft\u00fck.<\/p>\n<p>Bug\u00fcn h\u00e2l\u00e2 Arap \u00fclkelerindeki en g\u00fczel m\u00e2bedler bizim y\u00fccelttiklerimizdir. As\u0131rlarca Surre alaylar\u0131 tertipleyerek Arap d\u00fcny\u00e2s\u0131na hediyeler , servetler yollam\u0131\u015ft\u0131k. Topraklar\u0131nda ve ba\u015flang\u0131\u00e7ta iyi kurduklar\u0131 medeniyetlerden derledi\u011fimiz dillerini bile toleransla kulland\u0131\u011f\u0131m\u0131z devirler oldu.<\/p>\n<p>Ezanlar\u0131n\u0131 ise d\u00fcnyan\u0131n \u00fc\u00e7 k\u0131tas\u0131nda, en g\u00fczel, biz okuttuk; g\u00f6k kubbesi T\u00fcrk minarelerinden y\u00fckselen sesle, T\u00fcrk\u2019\u00fcn M\u00fcsl\u00fcman ezan\u0131na verdi\u011fi \u00e2henkle doldu.<\/p>\n<p>Bug\u00fcn bile ge\u00e7irdi\u011fi ve ge\u00e7irmekte oldu\u011fu t\u00fcrl\u00fc sars\u0131nt\u0131lara ra\u011fmen h\u00e2kik\u00ee M\u00fcsl\u00fcmanlar en \u00e7ok T\u00fcrkiye\u2019de ya\u015f\u0131yor.<\/p>\n<p>*<\/p>\n<p>Bizim bunca iyili\u011fimize, hizmetimize kar\u015f\u0131 Arap d\u00fcny\u00e2s\u0131n\u0131n \u015f\u00fckran, hi\u00e7 olmazsa nez\u00e2ket borcu b\u00f6yle mi \u00f6denecekti?<\/p>\n<p>Musul gibi, Kerk\u00fck gibi bir zamanlar c\u00f6mert\u00e7e harcayarak kendilerine hediye etti\u011fimiz topraklarda kalan T\u00fcrk \u00e7ocuklar\u0131na neden gereken sayg\u0131y\u0131 g\u00f6stermiyorlar? Bizim uzatt\u0131\u011f\u0131m\u0131z elin, d\u00fcny\u00e2n\u0131n en mert, en dost eli oldu\u011funu bu dostlar ne i\u00e7in anlam\u0131yorlar?<\/p>\n<p>Nih\u00e2yet bizim vatan\u0131m\u0131zda bizimle ha\u015f\u0131r ne\u015fir olmu\u015f, o kadar ki, \u00eemanlar\u0131yle, T\u00fcrk vatan\u0131n\u0131 kanlar\u0131n\u0131 d\u00f6kerek m\u00fcdafaa edi\u015fleriyle bizden olmu\u015f, biz olmu\u015f baz\u0131 az\u0131nl\u0131klar\u0131 \u00fczecek emel besleyenlere kay\u0131ts\u0131z davranmak, dost g\u00f6n\u00fcllere yak\u0131\u015fmal\u0131 m\u0131d\u0131r?<\/p>\n<p>*<\/p>\n<p>Bence yurdumuzun dil ve mill\u00ee k\u00fclt\u00fcr bak\u0131m\u0131ndan h\u00e2l\u00e2 fethedilmemi\u015f b\u00f6lgeleri vard\u0131r. Biz, yurdumuzun her buca\u011f\u0131na dilimizi ve mill\u00ee k\u00fclt\u00fcr\u00fcm\u00fcz\u00fc yayacak ve b\u00fct\u00fcn vatanda\u015flar\u0131m\u0131z\u0131n bizim dilimizle konu\u015fup bizim kelimelerimizle sevi\u015fmelerini sa\u011flayacak yerde, bilinmez, nas\u0131l bir dal\u00e2letle kendi kendimizi dilsiz ve ba\u011flay\u0131c\u0131 bir k\u00fclt\u00fcrden mahrum b\u0131rakt\u0131k.<\/p>\n<p>O T\u00fcrk\u00e7e ki bir zamanlar s\u00e2de bir vatan de\u011fil, bir k\u0131t\u2019alar lis\u00e2n\u0131 olmu\u015ftu.<\/p>\n<p>\u00c7\u00fcnk\u00fc bir dili sadele\u015ftirmek, daha zengin daha mill\u00ee bir k\u0131v\u00e2ma y\u00fckseltmek ba\u015fka, \u00f6ld\u00fcrmek ba\u015fka \u015feydir.<\/p>\n<p>&nbsp;<\/p>\n<p>Nihad S\u00e2mi BANARLI, Edebiyat Sohbetleri, s:408-410<\/p>\n","protected":false},"excerpt":{"rendered":"<p>Irak T\u00fcrklerinin ya\u015fad\u0131klar\u0131 korkulu g\u00fcnler ve duyduklar\u0131 \u0131zd\u0131rap, g\u00fcn\u00fcn endi\u015feleri aras\u0131ndad\u0131r. As\u0131rlardan beri kaybetti\u011fimiz her \u00fclkede b\u00fcy\u00fck ve f\u00e2tih bir<\/p>\n","protected":false},"author":1,"featured_media":900,"comment_status":"open","ping_status":"open","sticky":false,"template":"","format":"standard","meta":[],"categories":[3,10],"tags":[441,476,566],"_links":{"self":[{"href":"http:\/\/www.nihatsamibanarli.com\/index.php\/wp-json\/wp\/v2\/posts\/898"}],"collection":[{"href":"http:\/\/www.nihatsamibanarli.com\/index.php\/wp-json\/wp\/v2\/posts"}],"about":[{"href":"http:\/\/www.nihatsamibanarli.com\/index.php\/wp-json\/wp\/v2\/types\/post"}],"author":[{"embeddable":true,"href":"http:\/\/www.nihatsamibanarli.com\/index.php\/wp-json\/wp\/v2\/users\/1"}],"replies":[{"embeddable":true,"href":"http:\/\/www.nihatsamibanarli.com\/index.php\/wp-json\/wp\/v2\/comments?post=898"}],"version-history":[{"count":0,"href":"http:\/\/www.nihatsamibanarli.com\/index.php\/wp-json\/wp\/v2\/posts\/898\/revisions"}],"wp:featuredmedia":[{"embeddable":true,"href":"http:\/\/www.nihatsamibanarli.com\/index.php\/wp-json\/wp\/v2\/media\/900"}],"wp:attachment":[{"href":"http:\/\/www.nihatsamibanarli.com\/index.php\/wp-json\/wp\/v2\/media?parent=898"}],"wp:term":[{"taxonomy":"category","embeddable":true,"href":"http:\/\/www.nihatsamibanarli.com\/index.php\/wp-json\/wp\/v2\/categories?post=898"},{"taxonomy":"post_tag","embeddable":true,"href":"http:\/\/www.nihatsamibanarli.com\/index.php\/wp-json\/wp\/v2\/tags?post=898"}],"curies":[{"name":"wp","href":"https:\/\/api.w.org\/{rel}","templated":true}]}}