{"id":915,"date":"2015-08-23T08:38:44","date_gmt":"2015-08-23T08:38:44","guid":{"rendered":"http:\/\/www.nihadsamibanarli.com\/?p=915"},"modified":"2015-08-23T08:38:44","modified_gmt":"2015-08-23T08:38:44","slug":"mehmedcik","status":"publish","type":"post","link":"http:\/\/www.nihatsamibanarli.com\/index.php\/2015\/08\/23\/mehmedcik\/","title":{"rendered":"Mehmedcik"},"content":{"rendered":"<p><a href=\"http:\/\/www.nihadsamibanarli.com\/wp-content\/uploads\/2015\/08\/mehmetcik1.jpg\"><img loading=\"lazy\" class=\"alignleft size-full wp-image-916\" src=\"http:\/\/www.nihadsamibanarli.com\/wp-content\/uploads\/2015\/08\/mehmetcik1.jpg\" alt=\"mehmetcik1\" width=\"436\" height=\"339\" \/><\/a>Mehmedcik\u2026Bu, hakikatte T\u00fcrk\u00e7e bir s\u00f6z veya eski bir T\u00fcrk ad\u0131 de\u011fildir. Kelime, Hz. Muhammed Peygamber\u2019in ad\u0131n\u0131 T\u00fcrk\u00e7ele\u015ftirenler taraf\u0131ndan yap\u0131ld\u0131. Mehmedcik, \u201cT\u00fcrk\u201d denen \u015ferefli milletle \u201cM\u00fcsl\u00fcmanl\u0131k\u201d denilen sam\u00eem\u00ee \u00eem\u00e2n\u0131n bir t\u00e2rih potas\u0131nda ve \u00fc\u00e7 k\u0131tal\u0131 bir vatan co\u011frafyas\u0131nda birle\u015fmesinden do\u011fan, T\u00fcrkiyeli bir terkip, bir olgun, bir aziz kompozisyondur. Mehmedcik, T\u00fcrk\u2019\u00fcn \u00eem\u00e2n\u0131n\u0131, onun kahramanl\u0131\u011f\u0131n\u0131 ve onun say\u0131lamayacak kadar b\u00fcy\u00fck f\u00e2ziletlerini if\u00e2de eder. Bu isim, Hz. Muhammed Peygamber\u2019in ad\u0131ndan do\u011fdu\u011fu halde Arapda Mehmedcik yoktur. \u00c7\u00fcnk\u00fc \u201cMehmedcik\u201d T\u00fcrk\u2019te olabilir. Bir Arab\u2019a onu hat\u0131rlatt\u0131\u011f\u0131n\u0131z zaman, katiyen Peygamber\u2019i d\u00fc\u015f\u00fcnmez. G\u00f6z\u00fcn\u00fcn \u00f6n\u00fcnde, elinde s\u00fcng\u00fcs\u00fcyle beyaz hilalli bir al bayrak ard\u0131nda, hududa ko\u015fan efs\u00e2nev\u00ee bir kahram\u00e2n\u0131n heykeli y\u00fckselir.<\/p>\n<p>***<\/p>\n<p>Mehmedcik ad\u0131, T\u00fcrkiye T\u00fcrkleri\u2019nin yo\u011frulu\u015funda isl\u00e2m\u00ee \u00eem\u00e2n\u0131n \u00f6l\u00e7\u00fcs\u00fcn\u00fc g\u00f6sterir. \u0130nanm\u0131\u015f bir millet olabilmek ise, ger\u00e7ekten \u00f6v\u00fcn\u00fclecek bir fazilettir. Mehmedcik ad\u0131n\u0131 s\u00fcsleyen seslerde c\u00e2milerin, min\u00e2relerin, saraylar\u0131n, t\u00fcrbelerin; Afrika \u00e7\u00f6llerinde ve Moha\u00e7 ovalar\u0131nda y\u00fcr\u00fcyen ordular\u0131n, velh\u00e2s\u0131l \u00fc\u00e7 d\u00fcnya k\u0131tas\u0131ndan derlenmi\u015f mill\u00ee ve meden\u00ee zafer h\u00e2t\u0131ralar\u0131n\u0131n derin yank\u0131s\u0131 vard\u0131r.<\/p>\n<p>&nbsp;<\/p>\n<p>&nbsp;<\/p>\n<p>Nihad S\u00e2mi BANARLI, \u00ceman ve ya\u015fama \u00fcsl\u00fbbu, 2.bask\u0131, 264-265<\/p>\n<p>&nbsp;<\/p>\n","protected":false},"excerpt":{"rendered":"<p>Mehmedcik\u2026Bu, hakikatte T\u00fcrk\u00e7e bir s\u00f6z veya eski bir T\u00fcrk ad\u0131 de\u011fildir. Kelime, Hz. Muhammed Peygamber\u2019in ad\u0131n\u0131 T\u00fcrk\u00e7ele\u015ftirenler taraf\u0131ndan yap\u0131ld\u0131. Mehmedcik,<\/p>\n","protected":false},"author":1,"featured_media":916,"comment_status":"closed","ping_status":"open","sticky":false,"template":"","format":"standard","meta":[],"categories":[5,10],"tags":[137,594,598,599,665],"_links":{"self":[{"href":"http:\/\/www.nihatsamibanarli.com\/index.php\/wp-json\/wp\/v2\/posts\/915"}],"collection":[{"href":"http:\/\/www.nihatsamibanarli.com\/index.php\/wp-json\/wp\/v2\/posts"}],"about":[{"href":"http:\/\/www.nihatsamibanarli.com\/index.php\/wp-json\/wp\/v2\/types\/post"}],"author":[{"embeddable":true,"href":"http:\/\/www.nihatsamibanarli.com\/index.php\/wp-json\/wp\/v2\/users\/1"}],"replies":[{"embeddable":true,"href":"http:\/\/www.nihatsamibanarli.com\/index.php\/wp-json\/wp\/v2\/comments?post=915"}],"version-history":[{"count":0,"href":"http:\/\/www.nihatsamibanarli.com\/index.php\/wp-json\/wp\/v2\/posts\/915\/revisions"}],"wp:featuredmedia":[{"embeddable":true,"href":"http:\/\/www.nihatsamibanarli.com\/index.php\/wp-json\/wp\/v2\/media\/916"}],"wp:attachment":[{"href":"http:\/\/www.nihatsamibanarli.com\/index.php\/wp-json\/wp\/v2\/media?parent=915"}],"wp:term":[{"taxonomy":"category","embeddable":true,"href":"http:\/\/www.nihatsamibanarli.com\/index.php\/wp-json\/wp\/v2\/categories?post=915"},{"taxonomy":"post_tag","embeddable":true,"href":"http:\/\/www.nihatsamibanarli.com\/index.php\/wp-json\/wp\/v2\/tags?post=915"}],"curies":[{"name":"wp","href":"https:\/\/api.w.org\/{rel}","templated":true}]}}