{"id":998,"date":"2019-11-08T13:37:24","date_gmt":"2019-11-08T13:37:24","guid":{"rendered":"http:\/\/www.nihadsamibanarli.com\/?p=998"},"modified":"2019-11-08T13:37:24","modified_gmt":"2019-11-08T13:37:24","slug":"yahya-kemal-turkcesi","status":"publish","type":"post","link":"http:\/\/www.nihatsamibanarli.com\/index.php\/2019\/11\/08\/yahya-kemal-turkcesi\/","title":{"rendered":"Yahya Kemal T\u00fcrk\u00e7esi"},"content":{"rendered":"\n<p>Yahya Kemal&#8217;i T\u00fcrk\u00e7e&#8217;nin sadele\u015fmesi davas\u0131nda, eskiye ba\u011fl\u0131\nsanmak yanl\u0131\u015ft\u0131r. O, T\u00fcrk dil ink\u0131lab\u0131ndan en az yirmibe\u015f otuz sene evvel T\u00fcrk\n\u015fiir dilinde saf t\u00fcrk\u00e7e&#8217;ye do\u011fru a\u011f\u0131rba\u015fl\u0131 ve reklams\u0131z bir ink\u0131lap yapm\u0131\u015ft\u0131r. 1904\n&#8211; 1912 y\u0131llar\u0131 aras\u0131nda Paris&#8217;de T\u00fcrk\u00e7e s\u00f6yleyi\u015f &#8216;in s\u0131rlar\u0131n\u0131 ararken terenn\u00fcm\netti\u011fi : <\/p>\n\n\n\n<p>Canavarlar ka\u00e7\u0131yormu\u015f gibi g\u00fcr bir doludan <\/p>\n\n\n\n<p>Bir Sal\u00eeb ordusu bozgun, ka\u00e7\u0131yor Ni\u011fbolu&#8217;dan <\/p>\n\n\n\n<p>gibi destan m\u0131sralar\u0131, bu h\u00e2disenin \u015fahitleridir. \u0130stanbul&#8217;a\nd\u00f6nd\u00fc\u011f\u00fc ilk y\u0131llarda (1912 &#8211; 1917) s\u00f6yledi\u011fi: <\/p>\n\n\n\n<p>G\u00f6nl\u00fcmle oturdum da h\u00fcz\u00fcnledim o yerde,<\/p>\n\n\n\n<p>Sen nerdesin ey sevgili, yaz g\u00fcnler nerde? <\/p>\n\n\n\n<p>Da\u011flar a\u011far\u0131rken konu\u015furduk tepelerde<\/p>\n\n\n\n<p>Sen nerde, o fecrin a\u011faran da\u011flar\u0131 nerde? <\/p>\n\n\n\n<p>gibi \u015fark\u0131 g\u00fcfteleri, daha bir\u00e7ok benzerleriyle, \u015f\u00e2irimizin,\nT\u00fcrk \u015fiir lis\u00e2n\u0131n\u0131, daha o y\u0131llarda \u00f6zlenen g\u00fczelli\u011fe ula\u015ft\u0131rd\u0131\u011f\u0131n\u0131 g\u00f6steren\n\u00f6rneklerdendir. Yahya Kemal, o tarihlerde \u015fiir lis\u00e2n\u0131na halk\u0131m\u0131z\u0131n derhal sevece\u011fi,\nbaz\u0131 g\u00fczel ve g\u00fczel h\u00e2t\u0131ral\u0131 T\u00fcrk\u00e7e kelimeler getirmek i\u00e7in ayr\u0131 bir gayret sarf\nediyordu. Sonsuz gibi, ak\u0131n gibi, s\u00f6k\u00fcn gibi, atl\u0131, doludizgin, ko\u015fu gibi\nkelimeler bunlar aras\u0131ndad\u0131r. Bu demektir ki Yahya Kemal&#8217;in \u015fiirlerinde iki\nayr\u0131 lisan vard\u0131r. Bunlardan biri, Eski \u015eiirin R\u00fczg\u00e2r\u0131yle s\u00f6yledi\u011fi manz\u00fbmelerin\nlis\u00e2n\u0131d\u0131r. Bu manzumelerde yediy\u00fcz y\u0131l\u0131n s\u00fczgecinden ge\u00e7irilmi\u015f bir Osmanl\u0131-T\u00fcrk\nsesi duyulur. Kendi G\u00f6k Kubbemiz ad\u0131 alt\u0131nda toplanan \u015fiirlerinde ise, en\nzengin terenn\u00fcm lis\u00e2n\u0131n\u0131 Yahya Kemal&#8217;in \u015fiirlerinde bulan, ideal bir T\u00fcrkiye\nT\u00fcrk\u00e7esi seslenir.<\/p>\n\n\n\n<p>Bu dil, Vuslat&#8217;da a\u015fk\u0131m\u0131z\u0131, U\u00e7u\u015f&#8217;da \u015fevkimizi, Itri&#8217;de\nm\u00fbs\u0131k\u00eemizi, Deniz T\u00fcrk\u00fcs\u00fc&#8217;nde t\u00fcrk\u00fcm\u00fcz\u00fc, S\u00fcleymaniye&#8217;de Bayram Sabah\u0131&#8217;nda ise\nhemen b\u00fct\u00fcn milliyetimizi dile getiren, b\u00fcy\u00fck bir mill\u00ee terenn\u00fcm lis\u00e2n\u0131d\u0131r\u2026<\/p>\n\n\n\n<p>Resimli T\u00fcrk Edebiy\u00e2t\u0131 t\u00e2rihi 2. Bask\u0131 s:1182<\/p>\n","protected":false},"excerpt":{"rendered":"<p>Yahya Kemal&#8217;i T\u00fcrk\u00e7e&#8217;nin sadele\u015fmesi davas\u0131nda, eskiye ba\u011fl\u0131 sanmak yanl\u0131\u015ft\u0131r. O, T\u00fcrk dil ink\u0131lab\u0131ndan en az yirmibe\u015f otuz sene evvel T\u00fcrk<\/p>\n","protected":false},"author":1,"featured_media":999,"comment_status":"open","ping_status":"open","sticky":false,"template":"","format":"standard","meta":[],"categories":[4,9],"tags":[137,598,599,833,832],"_links":{"self":[{"href":"http:\/\/www.nihatsamibanarli.com\/index.php\/wp-json\/wp\/v2\/posts\/998"}],"collection":[{"href":"http:\/\/www.nihatsamibanarli.com\/index.php\/wp-json\/wp\/v2\/posts"}],"about":[{"href":"http:\/\/www.nihatsamibanarli.com\/index.php\/wp-json\/wp\/v2\/types\/post"}],"author":[{"embeddable":true,"href":"http:\/\/www.nihatsamibanarli.com\/index.php\/wp-json\/wp\/v2\/users\/1"}],"replies":[{"embeddable":true,"href":"http:\/\/www.nihatsamibanarli.com\/index.php\/wp-json\/wp\/v2\/comments?post=998"}],"version-history":[{"count":0,"href":"http:\/\/www.nihatsamibanarli.com\/index.php\/wp-json\/wp\/v2\/posts\/998\/revisions"}],"wp:featuredmedia":[{"embeddable":true,"href":"http:\/\/www.nihatsamibanarli.com\/index.php\/wp-json\/wp\/v2\/media\/999"}],"wp:attachment":[{"href":"http:\/\/www.nihatsamibanarli.com\/index.php\/wp-json\/wp\/v2\/media?parent=998"}],"wp:term":[{"taxonomy":"category","embeddable":true,"href":"http:\/\/www.nihatsamibanarli.com\/index.php\/wp-json\/wp\/v2\/categories?post=998"},{"taxonomy":"post_tag","embeddable":true,"href":"http:\/\/www.nihatsamibanarli.com\/index.php\/wp-json\/wp\/v2\/tags?post=998"}],"curies":[{"name":"wp","href":"https:\/\/api.w.org\/{rel}","templated":true}]}}