{"id":118,"count":0,"description":"","link":"http:\/\/www.nihatsamibanarli.com\/index.php\/tag\/cok-eski-asirlardan-beri-karadeniz-ve-akdeniz-cevresine-sahip-ve-hakim-olmak-emelindeydi-bu-emelle-balkanlardan-sarkarak-defalarca-istanbula-yaklasan-turkler-olmustu-istanbul-fethi\/","name":"\u00e7ok eski as\u0131rlardan beri Karadeniz ve Akdeniz \u00e7evresine sahip ve h\u00e2kim olmak emelindeydi. Bu emelle balkanlardan sarkarak def'alarca \u0130stanbul'a yakla\u015fan T\u00fcrkler olmu\u015ftu. \u0130stanbul fethi","slug":"cok-eski-asirlardan-beri-karadeniz-ve-akdeniz-cevresine-sahip-ve-hakim-olmak-emelindeydi-bu-emelle-balkanlardan-sarkarak-defalarca-istanbula-yaklasan-turkler-olmustu-istanbul-fethi","taxonomy":"post_tag","meta":[],"_links":{"self":[{"href":"http:\/\/www.nihatsamibanarli.com\/index.php\/wp-json\/wp\/v2\/tags\/118"}],"collection":[{"href":"http:\/\/www.nihatsamibanarli.com\/index.php\/wp-json\/wp\/v2\/tags"}],"about":[{"href":"http:\/\/www.nihatsamibanarli.com\/index.php\/wp-json\/wp\/v2\/taxonomies\/post_tag"}],"wp:post_type":[{"href":"http:\/\/www.nihatsamibanarli.com\/index.php\/wp-json\/wp\/v2\/posts?tags=118"}],"curies":[{"name":"wp","href":"https:\/\/api.w.org\/{rel}","templated":true}]}}