{"id":38,"count":0,"description":"","link":"http:\/\/www.nihatsamibanarli.com\/index.php\/tag\/29-mayis-nedir-bizim-istanbulu-fethettigimiz-gun-bugun-yalniz-istanbulun-buyuk-gunu-degildir-butun-vatanin\/","name":"29 May\u0131s nedir? Bizim \u0130stanbul'u fethetti\u011fimiz g\u00fcn. Bug\u00fcn yaln\u0131z \u0130stanbul'un b\u00fcy\u00fck g\u00fcn\u00fc de\u011fildir. B\u00fct\u00fcn vatan\u0131n","slug":"29-mayis-nedir-bizim-istanbulu-fethettigimiz-gun-bugun-yalniz-istanbulun-buyuk-gunu-degildir-butun-vatanin","taxonomy":"post_tag","meta":[],"_links":{"self":[{"href":"http:\/\/www.nihatsamibanarli.com\/index.php\/wp-json\/wp\/v2\/tags\/38"}],"collection":[{"href":"http:\/\/www.nihatsamibanarli.com\/index.php\/wp-json\/wp\/v2\/tags"}],"about":[{"href":"http:\/\/www.nihatsamibanarli.com\/index.php\/wp-json\/wp\/v2\/taxonomies\/post_tag"}],"wp:post_type":[{"href":"http:\/\/www.nihatsamibanarli.com\/index.php\/wp-json\/wp\/v2\/posts?tags=38"}],"curies":[{"name":"wp","href":"https:\/\/api.w.org\/{rel}","templated":true}]}}