{"id":470,"count":0,"description":"","link":"http:\/\/www.nihatsamibanarli.com\/index.php\/tag\/kelimesi-kelimesine-boyle-olmustur-ayni-hadise-bugun-bir-vicdan-soysuzluguna-ugramislarca-kucuk-gorulen-islam-imaninin-kahraman-bir-milletin-vicdan-dunyasiyla-birlesince-nas\/","name":"kelimesi kelimesine b\u00f6yle olmu\u015ftur. Ayn\u0131 h\u00e2dise bug\u00fcn bir vicd\u00e2n soysuzlu\u011funa u\u011fram\u0131\u015flarca k\u00fc\u00e7\u00fck g\u00f6r\u00fclen \u0130sl\u00e2m \u00eem\u00e2n\u0131n\u0131n kahraman bir milletin vicd\u00e2n d\u00fcny\u00e2s\u0131yla birle\u015fince nas","slug":"kelimesi-kelimesine-boyle-olmustur-ayni-hadise-bugun-bir-vicdan-soysuzluguna-ugramislarca-kucuk-gorulen-islam-imaninin-kahraman-bir-milletin-vicdan-dunyasiyla-birlesince-nas","taxonomy":"post_tag","meta":[],"_links":{"self":[{"href":"http:\/\/www.nihatsamibanarli.com\/index.php\/wp-json\/wp\/v2\/tags\/470"}],"collection":[{"href":"http:\/\/www.nihatsamibanarli.com\/index.php\/wp-json\/wp\/v2\/tags"}],"about":[{"href":"http:\/\/www.nihatsamibanarli.com\/index.php\/wp-json\/wp\/v2\/taxonomies\/post_tag"}],"wp:post_type":[{"href":"http:\/\/www.nihatsamibanarli.com\/index.php\/wp-json\/wp\/v2\/posts?tags=470"}],"curies":[{"name":"wp","href":"https:\/\/api.w.org\/{rel}","templated":true}]}}