{"id":577,"count":0,"description":"","link":"http:\/\/www.nihatsamibanarli.com\/index.php\/tag\/ne-baskalarinin-bakmasina-firsat-verirdi-millet-ve-vatan-duygusunun-millet-munevverlerinin-kafasinda-bir-mefhum\/","name":"ne ba\u015fkalar\u0131n\u0131n bakmas\u0131na f\u0131rsat verirdi. Millet ve vatan duygusunun millet m\u00fcnevverlerinin kafas\u0131nda bir mefhum","slug":"ne-baskalarinin-bakmasina-firsat-verirdi-millet-ve-vatan-duygusunun-millet-munevverlerinin-kafasinda-bir-mefhum","taxonomy":"post_tag","meta":[],"_links":{"self":[{"href":"http:\/\/www.nihatsamibanarli.com\/index.php\/wp-json\/wp\/v2\/tags\/577"}],"collection":[{"href":"http:\/\/www.nihatsamibanarli.com\/index.php\/wp-json\/wp\/v2\/tags"}],"about":[{"href":"http:\/\/www.nihatsamibanarli.com\/index.php\/wp-json\/wp\/v2\/taxonomies\/post_tag"}],"wp:post_type":[{"href":"http:\/\/www.nihatsamibanarli.com\/index.php\/wp-json\/wp\/v2\/posts?tags=577"}],"curies":[{"name":"wp","href":"https:\/\/api.w.org\/{rel}","templated":true}]}}