{"id":608,"count":0,"description":"","link":"http:\/\/www.nihatsamibanarli.com\/index.php\/tag\/o-koy-ve-o-semt-kadinlarinin-azad-ve-ucret-kabul-etmez-bekcileriydi-kadin\/","name":"o k\u00f6y ve o semt kad\u0131nlar\u0131n\u0131n \u00e2z\u00e2d ve \u00fccret kabul etmez bek\u00e7ileriydi. * Kad\u0131n","slug":"o-koy-ve-o-semt-kadinlarinin-azad-ve-ucret-kabul-etmez-bekcileriydi-kadin","taxonomy":"post_tag","meta":[],"_links":{"self":[{"href":"http:\/\/www.nihatsamibanarli.com\/index.php\/wp-json\/wp\/v2\/tags\/608"}],"collection":[{"href":"http:\/\/www.nihatsamibanarli.com\/index.php\/wp-json\/wp\/v2\/tags"}],"about":[{"href":"http:\/\/www.nihatsamibanarli.com\/index.php\/wp-json\/wp\/v2\/taxonomies\/post_tag"}],"wp:post_type":[{"href":"http:\/\/www.nihatsamibanarli.com\/index.php\/wp-json\/wp\/v2\/posts?tags=608"}],"curies":[{"name":"wp","href":"https:\/\/api.w.org\/{rel}","templated":true}]}}