{"id":617,"count":0,"description":"","link":"http:\/\/www.nihatsamibanarli.com\/index.php\/tag\/onu-adi-madde-tanimak-bizim-vicdanimizi-yikar-aramiza-her-nereden\/","name":"onu \u00e2d\u00ee madde tan\u0131mak bizim vicd\u00e2n\u0131m\u0131z\u0131 y\u0131kar; aram\u0131za her nereden","slug":"onu-adi-madde-tanimak-bizim-vicdanimizi-yikar-aramiza-her-nereden","taxonomy":"post_tag","meta":[],"_links":{"self":[{"href":"http:\/\/www.nihatsamibanarli.com\/index.php\/wp-json\/wp\/v2\/tags\/617"}],"collection":[{"href":"http:\/\/www.nihatsamibanarli.com\/index.php\/wp-json\/wp\/v2\/tags"}],"about":[{"href":"http:\/\/www.nihatsamibanarli.com\/index.php\/wp-json\/wp\/v2\/taxonomies\/post_tag"}],"wp:post_type":[{"href":"http:\/\/www.nihatsamibanarli.com\/index.php\/wp-json\/wp\/v2\/posts?tags=617"}],"curies":[{"name":"wp","href":"https:\/\/api.w.org\/{rel}","templated":true}]}}