{"id":633,"count":0,"description":"","link":"http:\/\/www.nihatsamibanarli.com\/index.php\/tag\/orucun-asli-arapcada-savmdir-iranlilar-kelimeyi-kendi-dillerinde-ananesi-olan-bir-sozle-ifade-ederek\/","name":"Oruc\u2019un asl\u0131 Arap\u00e7ada \u201csavm\u201dd\u0131r. \u0130ranl\u0131lar kelimeyi kendi dillerinde an\u2019anesi olan bir s\u00f6zle if\u00e2de ederek","slug":"orucun-asli-arapcada-savmdir-iranlilar-kelimeyi-kendi-dillerinde-ananesi-olan-bir-sozle-ifade-ederek","taxonomy":"post_tag","meta":[],"_links":{"self":[{"href":"http:\/\/www.nihatsamibanarli.com\/index.php\/wp-json\/wp\/v2\/tags\/633"}],"collection":[{"href":"http:\/\/www.nihatsamibanarli.com\/index.php\/wp-json\/wp\/v2\/tags"}],"about":[{"href":"http:\/\/www.nihatsamibanarli.com\/index.php\/wp-json\/wp\/v2\/taxonomies\/post_tag"}],"wp:post_type":[{"href":"http:\/\/www.nihatsamibanarli.com\/index.php\/wp-json\/wp\/v2\/posts?tags=633"}],"curies":[{"name":"wp","href":"https:\/\/api.w.org\/{rel}","templated":true}]}}