{"id":754,"count":0,"description":"","link":"http:\/\/www.nihatsamibanarli.com\/index.php\/tag\/turk-kaniyle-islam-imaninin-birlesmesinden-dogan-yuce-kudretle-gelsin-ve-istanbulun-ebedi-sahibi-olsun-hadise\/","name":"T\u00fcrk kan\u0131yle \u0130sl\u00e2m \u00eem\u00e2n\u0131n\u0131n birle\u015fmesinden do\u011fan y\u00fcce kudretle gelsin ve \u0130stanbul'un ebed\u00ee s\u00e2hibi olsun. H\u00e2dise","slug":"turk-kaniyle-islam-imaninin-birlesmesinden-dogan-yuce-kudretle-gelsin-ve-istanbulun-ebedi-sahibi-olsun-hadise","taxonomy":"post_tag","meta":[],"_links":{"self":[{"href":"http:\/\/www.nihatsamibanarli.com\/index.php\/wp-json\/wp\/v2\/tags\/754"}],"collection":[{"href":"http:\/\/www.nihatsamibanarli.com\/index.php\/wp-json\/wp\/v2\/tags"}],"about":[{"href":"http:\/\/www.nihatsamibanarli.com\/index.php\/wp-json\/wp\/v2\/taxonomies\/post_tag"}],"wp:post_type":[{"href":"http:\/\/www.nihatsamibanarli.com\/index.php\/wp-json\/wp\/v2\/posts?tags=754"}],"curies":[{"name":"wp","href":"https:\/\/api.w.org\/{rel}","templated":true}]}}